{"id":39168,"date":"2022-03-25T08:04:15","date_gmt":"2022-03-25T14:04:15","guid":{"rendered":"http:\/\/www.zonaroja.com.mx\/?p=39168"},"modified":"2022-03-25T08:04:17","modified_gmt":"2022-03-25T14:04:17","slug":"detienen-y-vinculan-a-proceso-a-sujeto-que-pateo-a-un-menor-en-juxtlahuaca","status":"publish","type":"post","link":"https:\/\/zonaroja.com.mx\/?p=39168","title":{"rendered":"Detienen y vinculan a proceso a sujeto que pate\u00f3 a un menor en Juxtlahuaca"},"content":{"rendered":"\n<p>Ismael Garc\u00eda M.\/Zona Roja.<\/p>\n\n\n\n<p>Oaxaca de Ju\u00e1rez, Oax., 25 de marzo de 2022.- La Fiscal\u00eda General del Estado de Oaxaca detuvo y logr\u00f3 la vinculaci\u00f3n a proceso de un individuo que pate\u00f3 e insult\u00f3 a un menor de edad en un local de videojuegos, en Santiago Juxtlahuaca, municipio de la regi\u00f3n Mixteca de Oaxaca.<\/p>\n\n\n\n<p>De acuerdo con la Carpeta de Investigaci\u00f3n 5506\/FMIX\/JUXTLAHUACA\/2022, al imputado identificado como Ad\u00e1n M. S., se le acusa del delito de lesiones y contra la dignidad y el desarrollo de las personas menores de edad, contra el menor O.R.G.&nbsp;<\/p>\n\n\n\n<p>Fue el martes 15 de febrero del 2022, en que la v\u00edctima menor acudi\u00f3 al domicilio del imputado que se ubica en la colonia centro, Santiago Juxtlahuaca, Oaxaca, donde se renta video juegos Xbox, con raz\u00f3n social de \u201cFerreter\u00eda y Papeler\u00eda los Primos M\u00e9ndez\u201d.<\/p>\n\n\n\n<figure class=\"wp-block-embed is-type-rich is-provider-twitter wp-block-embed-twitter\"><div class=\"wp-block-embed__wrapper\">\n<div class=\"twitter-tweet\"><blockquote class=\"twitter-tweet\" data-lang=\"es\"><p lang=\"es\" dir=\"ltr\">\u00bfLo recuerda? El pasado 15 de febrero, un sujeto pate\u00f3 a un menor de edad en un local de videojuegos, en Santiago <a href=\"https:\/\/twitter.com\/hashtag\/Juxtlahuaca?src=hash&amp;ref_src=twsrc%5Etfw\">#Juxtlahuaca<\/a>, <a href=\"https:\/\/twitter.com\/hashtag\/Oaxaca?src=hash&amp;ref_src=twsrc%5Etfw\">#Oaxaca<\/a>. <br>Tras las indagatorias, fue detenido por la <a href=\"https:\/\/twitter.com\/FISCALIA_GobOax?ref_src=twsrc%5Etfw\">@FISCALIA_GobOax<\/a> y vinculado a proceso este martes 24 de marzo. <a href=\"https:\/\/t.co\/0XQXoTpdAQ\">pic.twitter.com\/0XQXoTpdAQ<\/a><\/p>&mdash; Zona Roja Oaxaca (@ZonaRoja_Oaxaca) <a href=\"https:\/\/twitter.com\/ZonaRoja_Oaxaca\/status\/1507196387548704770?ref_src=twsrc%5Etfw\">25 de marzo de 2022<\/a><\/blockquote><\/div>\n<\/div><\/figure>\n\n\n\n<p>Cuando la v\u00edctima se hallaba en el referido negocio, el hijo menor del imputado lo empez\u00f3 agredir, debido a eso la v\u00edctima se defendi\u00f3, y fue que ambos menores se empezaron a pelear cayendo al piso, quedando la v\u00edctima encima del hijo del imputado.<\/p>\n\n\n\n<p>Entonces, de acuerdo con el video, Ad\u00e1n M. S. le gritaba a su hijo \u201cp\u00e9gale en la cabeza, p\u00e9gale en la cabeza\u201d, y fue cuando el imputado tomo una de las manos de su hijo y con su pu\u00f1o le empez\u00f3 apegar en la cabeza de la v\u00edctima, y despu\u00e9s lo sujeto del est\u00f3mago con sus manos jal\u00e1ndolo fuerte para quitar a la v\u00edctima de encima de sus hijo.<\/p>\n\n\n\n<p>Pero no pudo, lo que hizo que con sus brazos sujetara el cuello de la menor v\u00edctima jal\u00e1ndolo fuertemente, avent\u00e1ndolo al piso en donde le dio una patada en su costado del lado derecho, y le grito \u201cb\u00e1jale de huevos\u201d, y debido a la patada el menor se puso a llorar, y posteriormente el imputado le dijo \u201csi hablas te va a ir peor\u201d.&nbsp;<\/p>\n\n\n\n<p>Ayer martes 24 de marzo, la Fiscal\u00eda General del Estado logr\u00f3 que un juez vinculara a proceso al individuo, presuntamente profesor.<\/p>\n","protected":false},"excerpt":{"rendered":"<p>Ismael Garc\u00eda M.\/Zona Roja. Oaxaca de Ju\u00e1rez, Oax., 25 de marzo de 2022.- La Fiscal\u00eda&hellip;<\/p>\n","protected":false},"author":2,"featured_media":37740,"comment_status":"closed","ping_status":"open","sticky":false,"template":"","format":"standard","meta":{"_lmt_disableupdate":"","_lmt_disable":"","_jetpack_memberships_contains_paid_content":false,"footnotes":""},"categories":[109,47],"tags":[826],"class_list":["post-39168","post","type-post","status-publish","format-standard","has-post-thumbnail","hentry","category-minuto-a-minuto","category-zona-gris","tag-santiago-juxtlahuaca"],"jetpack_featured_media_url":"https:\/\/zonaroja.com.mx\/wp-content\/uploads\/2022\/02\/Nino-agredido-Juxtlahuaca.jpg","jetpack_sharing_enabled":true,"_links":{"self":[{"href":"https:\/\/zonaroja.com.mx\/index.php?rest_route=\/wp\/v2\/posts\/39168","targetHints":{"allow":["GET"]}}],"collection":[{"href":"https:\/\/zonaroja.com.mx\/index.php?rest_route=\/wp\/v2\/posts"}],"about":[{"href":"https:\/\/zonaroja.com.mx\/index.php?rest_route=\/wp\/v2\/types\/post"}],"author":[{"embeddable":true,"href":"https:\/\/zonaroja.com.mx\/index.php?rest_route=\/wp\/v2\/users\/2"}],"replies":[{"embeddable":true,"href":"https:\/\/zonaroja.com.mx\/index.php?rest_route=%2Fwp%2Fv2%2Fcomments&post=39168"}],"version-history":[{"count":1,"href":"https:\/\/zonaroja.com.mx\/index.php?rest_route=\/wp\/v2\/posts\/39168\/revisions"}],"predecessor-version":[{"id":39169,"href":"https:\/\/zonaroja.com.mx\/index.php?rest_route=\/wp\/v2\/posts\/39168\/revisions\/39169"}],"wp:featuredmedia":[{"embeddable":true,"href":"https:\/\/zonaroja.com.mx\/index.php?rest_route=\/wp\/v2\/media\/37740"}],"wp:attachment":[{"href":"https:\/\/zonaroja.com.mx\/index.php?rest_route=%2Fwp%2Fv2%2Fmedia&parent=39168"}],"wp:term":[{"taxonomy":"category","embeddable":true,"href":"https:\/\/zonaroja.com.mx\/index.php?rest_route=%2Fwp%2Fv2%2Fcategories&post=39168"},{"taxonomy":"post_tag","embeddable":true,"href":"https:\/\/zonaroja.com.mx\/index.php?rest_route=%2Fwp%2Fv2%2Ftags&post=39168"}],"curies":[{"name":"wp","href":"https:\/\/api.w.org\/{rel}","templated":true}]}}