{"id":3917,"date":"2019-09-12T21:52:37","date_gmt":"2019-09-13T02:52:37","guid":{"rendered":"http:\/\/www.zonaroja.com.mx\/?p=3917"},"modified":"2019-09-12T21:52:39","modified_gmt":"2019-09-13T02:52:39","slug":"halla-la-ddhpo-deficiencias-en-implementacion-de-alerta-de-genero-en-oaxaca","status":"publish","type":"post","link":"https:\/\/zonaroja.com.mx\/?p=3917","title":{"rendered":"Halla la DDHPO deficiencias en implementaci\u00f3n de Alerta de G\u00e9nero en Oaxaca"},"content":{"rendered":"\n<p>Redacci\u00f3n\/Zona\nRoja.<\/p>\n\n\n\n<p>Oaxaca de\nJu\u00e1rez, Oax., 12 de septiembre de 2019.- Carencia de criterios claros respecto\na la emisi\u00f3n de la Alerta de Violencia de G\u00e9nero, as\u00ed como un desconocimiento\nprimario del tema por parte de los ayuntamientos, hall\u00f3 la Defensor\u00eda de los\nDerechos Humanos del Pueblo de Oaxaca.<\/p>\n\n\n\n<p>Identific\u00f3\ntambi\u00e9n la ausencia de medidas complementarias a la emisi\u00f3n de la Alerta; falta\nde involucramiento a los municipios;&nbsp;\ninexistencia de un mecanismo de apoyo para los familiares o v\u00edctimas de\nviolencia; carencia de programas diferenciados; aunado a que no fueron tomados\nen cuenta los poderes Legislativo y Judicial, ni los \u00f3rganos aut\u00f3nomos para el\nseguimiento de la misma.<\/p>\n\n\n\n<p>En un comunicado, el Defensor Bernardo Rodr\u00edguez Alamilla expuso que adem\u00e1s de estos puntos, tampoco se asignaron presupuestos que permitiesen poner en marcha estrategias que repercutieran en la reducci\u00f3n de la violencia feminicida y en general, en los diversos tipos de violencias que enfrentan las mujeres en la entidad.<\/p>\n\n\n\n<figure class=\"wp-block-embed-twitter wp-block-embed is-type-rich is-provider-twitter\"><div class=\"wp-block-embed__wrapper\">\n<div class=\"twitter-tweet\"><blockquote class=\"twitter-tweet\" data-lang=\"es\"><p lang=\"es\" dir=\"ltr\">Requiere Oaxaca perfeccionar y articular Alerta de Violencia de G\u00e9nero: DDHPO <a href=\"https:\/\/t.co\/z0IAGg2swZ\">https:\/\/t.co\/z0IAGg2swZ<\/a><br>Establece <a href=\"https:\/\/twitter.com\/DefensorOax?ref_src=twsrc%5Etfw\">@DefensorOax<\/a> di\u00e1logo con integrantes de la Comisi\u00f3n Especial de Seguimiento a la Alerta de Violencia de G\u00e9nero Contra las Mujeres en el Estado de Oaxaca <a href=\"https:\/\/t.co\/GRiql9mbI7\">pic.twitter.com\/GRiql9mbI7<\/a><\/p>&mdash; Derechos Humanos Oax (@DDHPO) <a href=\"https:\/\/twitter.com\/DDHPO\/status\/1171838975834648576?ref_src=twsrc%5Etfw\">11 de septiembre de 2019<\/a><\/blockquote><\/div>\n<\/div><\/figure>\n\n\n\n<p>Detall\u00f3 que\npese a que la DDHPO fue el ente que solicit\u00f3 la emisi\u00f3n de la Alerta de\nViolencia de g\u00e9nero a la Conavim, una vez declarada&nbsp; no le fue notificada, ni tampoco se le dio\nparte en la misma.<\/p>\n\n\n\n<p>Sin embargo,\nafirm\u00f3 que la Defensor\u00eda ha realizado un seguimiento a las acciones\nimplementadas por las dependencias respecto a la AVG, adem\u00e1s de brindar medidas\ncautelares \u2013103 desde el primero de septiembre de 2018\u2014e iniciar 51 expedientes\nde queja, aunado al diagn\u00f3stico sobre la estrategia y la documentaci\u00f3n de\ncasos.<\/p>\n\n\n\n<p>Tras un\nsondeo en cinco de 40 municipios contemplados en dicha Alerta, el organismo expuso\nla necesidad de perfeccionar este instrumento y articularlo con acciones desde\ndiversas entidades gubernamentales y aut\u00f3nomas, as\u00ed como de los tres poderes\ndel estado.<\/p>\n\n\n\n<p>Apunt\u00f3 que\ntambi\u00e9n la Comisi\u00f3n Nacional para Prevenir y Erradicar la Violencia contra las\nMujeres (Conavim), ha realizado un diagn\u00f3stico de las necesidades en las que detect\u00f3\nla falta de vinculaci\u00f3n con los municipios y falta de indicadores de\ncumplimiento.<\/p>\n\n\n\n<p>El titular\nde la Defensor\u00eda expuso lo anterior durante una reuni\u00f3n con legisladores de la\nComisi\u00f3n Especial de Seguimiento a la Alerta de Violencia de G\u00e9nero de la 64\nLegislatura del Congreso del Estado.<\/p>\n","protected":false},"excerpt":{"rendered":"<p>Redacci\u00f3n\/Zona Roja. Oaxaca de Ju\u00e1rez, Oax., 12 de septiembre de 2019.- Carencia de criterios claros&hellip;<\/p>\n","protected":false},"author":2,"featured_media":3918,"comment_status":"closed","ping_status":"open","sticky":false,"template":"","format":"standard","meta":{"_lmt_disableupdate":"","_lmt_disable":"","_jetpack_memberships_contains_paid_content":false,"footnotes":""},"categories":[109,47],"tags":[286],"class_list":["post-3917","post","type-post","status-publish","format-standard","has-post-thumbnail","hentry","category-minuto-a-minuto","category-zona-gris","tag-defensoria-de-los-derechos-humanos-del-pueblo-de-oaxaca"],"jetpack_featured_media_url":"https:\/\/zonaroja.com.mx\/wp-content\/uploads\/2019\/09\/PHOTO-2019-09-11-23-49-06.jpg","jetpack_sharing_enabled":true,"_links":{"self":[{"href":"https:\/\/zonaroja.com.mx\/index.php?rest_route=\/wp\/v2\/posts\/3917","targetHints":{"allow":["GET"]}}],"collection":[{"href":"https:\/\/zonaroja.com.mx\/index.php?rest_route=\/wp\/v2\/posts"}],"about":[{"href":"https:\/\/zonaroja.com.mx\/index.php?rest_route=\/wp\/v2\/types\/post"}],"author":[{"embeddable":true,"href":"https:\/\/zonaroja.com.mx\/index.php?rest_route=\/wp\/v2\/users\/2"}],"replies":[{"embeddable":true,"href":"https:\/\/zonaroja.com.mx\/index.php?rest_route=%2Fwp%2Fv2%2Fcomments&post=3917"}],"version-history":[{"count":1,"href":"https:\/\/zonaroja.com.mx\/index.php?rest_route=\/wp\/v2\/posts\/3917\/revisions"}],"predecessor-version":[{"id":3919,"href":"https:\/\/zonaroja.com.mx\/index.php?rest_route=\/wp\/v2\/posts\/3917\/revisions\/3919"}],"wp:featuredmedia":[{"embeddable":true,"href":"https:\/\/zonaroja.com.mx\/index.php?rest_route=\/wp\/v2\/media\/3918"}],"wp:attachment":[{"href":"https:\/\/zonaroja.com.mx\/index.php?rest_route=%2Fwp%2Fv2%2Fmedia&parent=3917"}],"wp:term":[{"taxonomy":"category","embeddable":true,"href":"https:\/\/zonaroja.com.mx\/index.php?rest_route=%2Fwp%2Fv2%2Fcategories&post=3917"},{"taxonomy":"post_tag","embeddable":true,"href":"https:\/\/zonaroja.com.mx\/index.php?rest_route=%2Fwp%2Fv2%2Ftags&post=3917"}],"curies":[{"name":"wp","href":"https:\/\/api.w.org\/{rel}","templated":true}]}}