{"id":39170,"date":"2022-03-25T08:13:49","date_gmt":"2022-03-25T14:13:49","guid":{"rendered":"http:\/\/www.zonaroja.com.mx\/?p=39170"},"modified":"2022-03-25T08:13:51","modified_gmt":"2022-03-25T14:13:51","slug":"igualdad-y-feminismo-temas-del-boletin-digital-del-poder-judicial-de-oaxaca","status":"publish","type":"post","link":"https:\/\/zonaroja.com.mx\/?p=39170","title":{"rendered":"Igualdad y feminismo, temas del bolet\u00edn digital del Poder Judicial de Oaxaca"},"content":{"rendered":"\n<p>Redacci\u00f3n\/Zona Roja.&nbsp;<\/p>\n\n\n\n<p>Oaxaca de Ju\u00e1rez, Oax., 25 de marzo de 2022.- Como parte de la campa\u00f1a \u2018\u00danete\u2019 y la&nbsp;conmemoraci\u00f3n del D\u00eda Naranja el 25 de&nbsp;cada&nbsp;mes, impulsado desde 2008 por la Organizaci\u00f3n de las Naciones Unidas (ONU), el&nbsp;Poder Judicial del Estado,&nbsp;lleva a cabo&nbsp;de forma permanente&nbsp;diferentes actividades&nbsp;para sensibilizar al personal y a la sociedad&nbsp;en general&nbsp;sobre la importancia de prevenir, atender, sancionar y eliminar la violencia hacia las mujeres y ni\u00f1as.<\/p>\n\n\n\n<p>En este compromiso, el bolet\u00edn&nbsp;digital&nbsp;n\u00famero 26&nbsp;\u201cDerechos Humanos, G\u00e9nero y Justicia\u201d que&nbsp;se edita&nbsp;a trav\u00e9s de la Direcci\u00f3n de Derechos Humanos del Consejo de la Judicatura, difunde&nbsp;en el mes de marzo que tambi\u00e9n se conmemora el D\u00eda Internacional de las Mujeres,&nbsp;dos interesantes art\u00edculos en los que se abordan aspectos de la igualdad y feminismo, que&nbsp;invitan&nbsp;a reflexionar sobre la importancia de transversalizar los&nbsp;enfoques de g\u00e9nero, interseccionalidad y&nbsp;diversidad de los derechos de las mujeres.<\/p>\n\n\n\n<p>La maestra&nbsp;Brenda Dom\u00ednguez Enciso, directora del Instituto Municipal de la Mujer, del ayuntamiento de Oaxaca de Ju\u00e1rez, colabora en esta ocasi\u00f3n con el texto&nbsp;la&nbsp;\u201cEconom\u00eda del cuidado, \u00bfQui\u00e9n cuida?\u201d un&nbsp;tema de suma importancia en una sociedad&nbsp;que delega los trabajos de cuidado a las&nbsp;mujeres, por lo que cuestionar los roles de&nbsp;cuidados es imperante para que podamos&nbsp;hablar de igualdad.<\/p>\n\n\n\n<p>Asimismo, la&nbsp;maestra&nbsp;Sheila L\u00f3pez S\u00e1nchez,&nbsp;jefa de la Unidad de Igualdad de G\u00e9nero de la Direcci\u00f3n de Derechos Humanos&nbsp;cuestiona&nbsp;\u201c\u00bfQui\u00e9nes son las mujeres?\u201d, art\u00edculo que&nbsp;nos acerca a las&nbsp;diferentes teor\u00edas feministas y sus propuestas&nbsp;encaminadas a mejorar su situaci\u00f3n de&nbsp;desventaja estructural en los campos social,&nbsp;econ\u00f3mico, pol\u00edtico, jur\u00eddico, familiar y&nbsp;simb\u00f3lico. Adem\u00e1s, plantea que al hablar de&nbsp;los feminismos minoritarios cuando nos&nbsp;referimos a una mujer debemos&nbsp;cuestionarnos \u00bfDe qu\u00e9 mujer se est\u00e1&nbsp;hablando?<\/p>\n\n\n\n<p>La versi\u00f3n digital&nbsp;de bolet\u00edn&nbsp;se encuentra disponible para su consulta y descarga a trav\u00e9s del enlace:&nbsp;https:\/\/drive.google.com\/file\/d\/18SSqwEoTC5s8yiNfYon4xiLot8snp7Pk\/view&nbsp;las redes oficiales de la Direcci\u00f3n de Derechos Humanos del Consejo de la Judicatura&nbsp;en twitter&nbsp;@DerechosDh y Facebook www.facebook.com\/DerechosHumanosPJEO; as\u00ed como del Tribunal Superior de Justicia.&nbsp;<\/p>\n\n\n\n<p>El Poder Judicial&nbsp;del Estado&nbsp;ha adoptado los derechos humanos como uno de los principales ejes para desarrollar sus funciones, con mayor \u00e9nfasis en los derechos de las mujeres, los ni\u00f1os, ni\u00f1as y adolescentes, a trav\u00e9s de la&nbsp;sensibilizaci\u00f3n&nbsp;de funcionarios judiciales&nbsp;y pol\u00edticas institucionales para&nbsp;fortalecer&nbsp;la perspectiva de g\u00e9nero al interior de la instituci\u00f3n.<\/p>\n","protected":false},"excerpt":{"rendered":"<p>Redacci\u00f3n\/Zona Roja.&nbsp; Oaxaca de Ju\u00e1rez, Oax., 25 de marzo de 2022.- Como parte de la&hellip;<\/p>\n","protected":false},"author":2,"featured_media":39159,"comment_status":"closed","ping_status":"open","sticky":false,"template":"","format":"standard","meta":{"_lmt_disableupdate":"","_lmt_disable":"","_jetpack_memberships_contains_paid_content":false,"footnotes":""},"categories":[109,46],"tags":[223],"class_list":["post-39170","post","type-post","status-publish","format-standard","has-post-thumbnail","hentry","category-minuto-a-minuto","category-zona-blanca","tag-poder-judicial-de-oaxaca"],"jetpack_featured_media_url":"https:\/\/zonaroja.com.mx\/wp-content\/uploads\/2022\/03\/Boletin-Poder-Judicial.jpg","jetpack_sharing_enabled":true,"_links":{"self":[{"href":"https:\/\/zonaroja.com.mx\/index.php?rest_route=\/wp\/v2\/posts\/39170","targetHints":{"allow":["GET"]}}],"collection":[{"href":"https:\/\/zonaroja.com.mx\/index.php?rest_route=\/wp\/v2\/posts"}],"about":[{"href":"https:\/\/zonaroja.com.mx\/index.php?rest_route=\/wp\/v2\/types\/post"}],"author":[{"embeddable":true,"href":"https:\/\/zonaroja.com.mx\/index.php?rest_route=\/wp\/v2\/users\/2"}],"replies":[{"embeddable":true,"href":"https:\/\/zonaroja.com.mx\/index.php?rest_route=%2Fwp%2Fv2%2Fcomments&post=39170"}],"version-history":[{"count":1,"href":"https:\/\/zonaroja.com.mx\/index.php?rest_route=\/wp\/v2\/posts\/39170\/revisions"}],"predecessor-version":[{"id":39171,"href":"https:\/\/zonaroja.com.mx\/index.php?rest_route=\/wp\/v2\/posts\/39170\/revisions\/39171"}],"wp:featuredmedia":[{"embeddable":true,"href":"https:\/\/zonaroja.com.mx\/index.php?rest_route=\/wp\/v2\/media\/39159"}],"wp:attachment":[{"href":"https:\/\/zonaroja.com.mx\/index.php?rest_route=%2Fwp%2Fv2%2Fmedia&parent=39170"}],"wp:term":[{"taxonomy":"category","embeddable":true,"href":"https:\/\/zonaroja.com.mx\/index.php?rest_route=%2Fwp%2Fv2%2Fcategories&post=39170"},{"taxonomy":"post_tag","embeddable":true,"href":"https:\/\/zonaroja.com.mx\/index.php?rest_route=%2Fwp%2Fv2%2Ftags&post=39170"}],"curies":[{"name":"wp","href":"https:\/\/api.w.org\/{rel}","templated":true}]}}