{"id":39175,"date":"2022-03-25T16:19:47","date_gmt":"2022-03-25T22:19:47","guid":{"rendered":"http:\/\/www.zonaroja.com.mx\/?p=39175"},"modified":"2022-03-26T05:48:00","modified_gmt":"2022-03-26T11:48:00","slug":"tras-dos-anos-de-confinamiento-abarrotan-calles-de-oaxaca-por-samaritana","status":"publish","type":"post","link":"https:\/\/zonaroja.com.mx\/?p=39175","title":{"rendered":"Tras dos a\u00f1os de confinamiento, abarrotan calles de Oaxaca por Samaritana"},"content":{"rendered":"\n<p>Yuridiana Sosa\/Zona Roja.<\/p>\n\n\n\n<p>Oaxaca de Ju\u00e1rez, Oax., 25 de marzo de 2022.- Entre sabores y colores, cientos de oaxaque\u00f1os salieron hoy a las calles y volvieron a vivir sus fiestas y tradiciones, tras dos a\u00f1os de pandemia por Covid-19.<\/p>\n\n\n\n<p>El D\u00eda de la Samaritana abri\u00f3 las puertas a la reactivaci\u00f3n de una serie de celebraciones con motivo de Semana Santa, las cuales quedaron en pausa en marzo del 2020 al inicio de una eterna cuarentena.<\/p>\n\n\n\n<p>Este viernes qued\u00f3 atr\u00e1s el temor a la convivencia en aglomeraciones; los cubrebocas quedaron de forma obligada a un lado, no hay forma de portarlos para este festejo lleno de sabores, al que le acompa\u00f1\u00f3 un d\u00eda de calor.<\/p>\n\n\n\n<p>Frente a la iglesia de Sangre de Cristo, sobre el Andador Tur\u00edstico Macedonio Alcal\u00e1, en la capital del estado, se coloc\u00f3 un cielo de papel picado de colores; mesas repletas de flores, jarrones y c\u00e1ntaros con aguas frescas de diversos sabores.<\/p>\n\n\n\n<p>M\u00fasica, risas, pl\u00e1ticas sobre este reencuentro no faltaron, pues \u201cya era justo y necesario\u201d, coincidieron los asistentes, algunos con relaci\u00f3n a la fiel celebraci\u00f3n basada en un pasaje religioso y otros por atracci\u00f3n a lo que ya se ha transformado en una tradici\u00f3n popular y tur\u00edstica.<\/p>\n\n\n\n<p>En este punto la fiesta comenz\u00f3 con la parte religiosa, con una breve representaci\u00f3n del pasaje b\u00edblico, en el que Jes\u00fas pide agua a una mujer samaritana, as\u00ed como la bendici\u00f3n de las aguas a repartir.<\/p>\n\n\n\n<p>Al conteo regresivo de forma masiva del 10 al cero la fiesta de la repartici\u00f3n de aguas comenz\u00f3 en el Andador Tur\u00edstico. Algunos llevaron sus vasos como medida de higiene y cuidado al medio ambiente.<\/p>\n\n\n\n<p>Mujeres vestidas de \u201cChinas Oaxaque\u00f1as\u201d fueron las encargadas en varios puestos de proporcionar el agua a los asistentes, donde adem\u00e1s los visitantes tambi\u00e9n degustaron de las tradicionales nieves, que en un breve lapso se agotaron.<\/p>\n\n\n\n<p>Adultos mayores, j\u00f3venes, ni\u00f1os; ciudadanos y turistas convivieron en diversos espacios p\u00fablicos, movidos con el \u00fanico fin de degustar aguas en cualquier punto donde le ofrecieran.<\/p>\n\n\n\n<p>Pues la fiesta, como es tradici\u00f3n, se extendi\u00f3 en diversos puntos y los puestos de agua no faltaron fuera de establecimientos y casas, as\u00ed como en el popular Barrio de la China y en palacio municipal de Oaxaca de Ju\u00e1rez.<\/p>\n\n\n\n<p>SEMANA SANTA ACTIVA<\/p>\n\n\n\n<p>Este a\u00f1o las actividades religiosas con motivo de Semana Santa, las cuales se han convertido en un atractivo tur\u00edstico por su particularidad representaci\u00f3n, tambi\u00e9n se llevar\u00e1n a cabo, con la recomendaci\u00f3n de mantener las medidas de higiene por Covid-19.<\/p>\n\n\n\n<p>Tras esta celebraci\u00f3n, contin\u00faa la instalaci\u00f3n de los altares de Dolores, seguido del domingo de Ramos, el desfile de estandartes con concierto de m\u00fasica sacra; el Viernes Santo y la procesi\u00f3n del silencio, as\u00ed como el p\u00e9same a la Virgen de la soledad, que son de gran concurrencia por feligreses y visitantes.<\/p>\n\n\n\n<p>Las actividades culturales en contexto con las actividades religiosas en la capital ser\u00e1n organizadas por las autoridades capitalinas.<\/p>\n","protected":false},"excerpt":{"rendered":"<p>Yuridiana Sosa\/Zona Roja. Oaxaca de Ju\u00e1rez, Oax., 25 de marzo de 2022.- Entre sabores y&hellip;<\/p>\n","protected":false},"author":2,"featured_media":39176,"comment_status":"closed","ping_status":"open","sticky":false,"template":"","format":"standard","meta":{"_lmt_disableupdate":"","_lmt_disable":"","_jetpack_memberships_contains_paid_content":false,"footnotes":""},"categories":[109,46],"tags":[3085],"class_list":["post-39175","post","type-post","status-publish","format-standard","has-post-thumbnail","hentry","category-minuto-a-minuto","category-zona-blanca","tag-samaritana-oaxaca"],"jetpack_featured_media_url":"https:\/\/zonaroja.com.mx\/wp-content\/uploads\/2022\/03\/Samaritana-en-Oaxaca-calles-centro.jpg","jetpack_sharing_enabled":true,"_links":{"self":[{"href":"https:\/\/zonaroja.com.mx\/index.php?rest_route=\/wp\/v2\/posts\/39175","targetHints":{"allow":["GET"]}}],"collection":[{"href":"https:\/\/zonaroja.com.mx\/index.php?rest_route=\/wp\/v2\/posts"}],"about":[{"href":"https:\/\/zonaroja.com.mx\/index.php?rest_route=\/wp\/v2\/types\/post"}],"author":[{"embeddable":true,"href":"https:\/\/zonaroja.com.mx\/index.php?rest_route=\/wp\/v2\/users\/2"}],"replies":[{"embeddable":true,"href":"https:\/\/zonaroja.com.mx\/index.php?rest_route=%2Fwp%2Fv2%2Fcomments&post=39175"}],"version-history":[{"count":1,"href":"https:\/\/zonaroja.com.mx\/index.php?rest_route=\/wp\/v2\/posts\/39175\/revisions"}],"predecessor-version":[{"id":39177,"href":"https:\/\/zonaroja.com.mx\/index.php?rest_route=\/wp\/v2\/posts\/39175\/revisions\/39177"}],"wp:featuredmedia":[{"embeddable":true,"href":"https:\/\/zonaroja.com.mx\/index.php?rest_route=\/wp\/v2\/media\/39176"}],"wp:attachment":[{"href":"https:\/\/zonaroja.com.mx\/index.php?rest_route=%2Fwp%2Fv2%2Fmedia&parent=39175"}],"wp:term":[{"taxonomy":"category","embeddable":true,"href":"https:\/\/zonaroja.com.mx\/index.php?rest_route=%2Fwp%2Fv2%2Fcategories&post=39175"},{"taxonomy":"post_tag","embeddable":true,"href":"https:\/\/zonaroja.com.mx\/index.php?rest_route=%2Fwp%2Fv2%2Ftags&post=39175"}],"curies":[{"name":"wp","href":"https:\/\/api.w.org\/{rel}","templated":true}]}}