{"id":39182,"date":"2022-03-25T20:33:53","date_gmt":"2022-03-26T02:33:53","guid":{"rendered":"http:\/\/www.zonaroja.com.mx\/?p=39182"},"modified":"2022-03-25T20:45:22","modified_gmt":"2022-03-26T02:45:22","slug":"liberan-a-policia-de-cosolapa-acusado-de-asesinar-a-un-adolescente","status":"publish","type":"post","link":"https:\/\/zonaroja.com.mx\/?p=39182","title":{"rendered":"Liberan a polic\u00eda de Acatl\u00e1n acusado de asesinar a un adolescente"},"content":{"rendered":"\n<p>Ismael Garc\u00eda M.\/Zona Roja.<\/p>\n\n\n\n<p>Oaxaca de Ju\u00e1rez, Oax., 25 de marzo de 2022.- El polic\u00eda acusados de asesinar a un menor de edad en Acatl\u00e1n de P\u00e9rez Figueroa, Oaxaca, fue absueltos hoy, al determinar el juez que el arma \u201cse dispar\u00f3 accidentalmente\u201d.<\/p>\n\n\n\n<p>Fue la noche de junio de 2020 en que elementos uniformados del municipio interceptaron a unos j\u00f3venes y adolescentes que hab\u00edan acudido a la tienda de autoservicio a comprar unos art\u00edculos; supuestamente las armas se dispararon por accidente y dieron muerte a Alexander M. G., de 16 a\u00f1os de edad; otro menor result\u00f3 tambi\u00e9n lesionado.<\/p>\n\n\n\n<p>Esta tarde, la familia public\u00f3 una carta p\u00fablica dirigida al Tribunal Superior de Justicia, al Gobernador del Estado y a la Fiscal\u00eda General del Estado:<\/p>\n\n\n\n<p>\u201cLos polic\u00edas le quitaron la vida a \u2018Chander\u2019, pero los jueces nos robaron la justicia. Este viernes, el Tribunal de Enjuiciamiento absolvi\u00f3 a los polic\u00edas que dispararon contra mi hijo. Los Jueces dicen que las armas de los asesinos se dispararon por accidente. Que fue un accidente matar a un adolescente de 16 a\u00f1os\u201d, escribi\u00f3 la se\u00f1ora Virginia, madre de Alexander. <\/p>\n\n\n\n<figure class=\"wp-block-embed\"><div class=\"wp-block-embed__wrapper\">\n<div class=\"twitter-tweet\"><blockquote class=\"twitter-tweet\" data-lang=\"es\"><p lang=\"es\" dir=\"ltr\">\u25b6Dejan libre a presunto asesino de Alexander Mart\u00ednez<br><br>Nosotros vamos a seguir buscando justicia para Alexander para que estas cosas no sigan sucediendo. En Acatl\u00e1n de Perez Figueroa, Oaxaca, hemos vivido estas cosas desde a\u00f1os anteriores: Virginia G\u00f3mez, mam\u00e1 de Alexander <a href=\"https:\/\/t.co\/I9zzGKoIzB\">pic.twitter.com\/I9zzGKoIzB<\/a><\/p>&mdash; LA OCTAVA (@laoctavadigital) <a href=\"https:\/\/twitter.com\/laoctavadigital\/status\/1507524575759777792?ref_src=twsrc%5Etfw\">26 de marzo de 2022<\/a><\/blockquote><\/div>\n<\/div><\/figure>\n\n\n\n<p>\u201cLa vida de mi hijo, de nuestro \u2018Chander\u2019, no la recuperamos pero esper\u00e1bamos el consuelo de la justicia, porque la polic\u00eda no debe volver a abusar de su poder, de su uniforme. Porque las instituciones del Estado deber\u00edan servir a la ciudadan\u00eda, no provocar este profundo dolor en las familias.<\/p>\n\n\n\n<p>\u201cHoy Acatl\u00e1n de P\u00e9rez Figueroa vive con miedo ante la inseguridad y mi familia llora la ausencia de Alexander, herida que se hace m\u00e1s profunda ante la impunidad provocada por la falta de capacidad de los jueces que decidieron proteger a los asesinos. La justicia no es solo para \u2018Chander\u2019, sino para que este tipo de actos no se repitan, no queremos que otra familia pase por esto.<\/p>\n\n\n\n<p>\u201c\u00bfPor qu\u00e9 absolvieron a los asesinos? \u00bfA qui\u00e9n protegen? Nosotros, las otras v\u00edctimas de este crimen, no hallamos paz porque los agresores nos han intimidado, nos han robado la paz. Ni siquiera nos sentimos seguros en nuestra casa, a donde han llegado para amenazarnos, nos piden que \u2018ya no le movamos m\u00e1s al asunto\u2019\u201d.<\/p>\n\n\n\n<p>\u201cAlexander Mart\u00ednez G\u00f3mez, nosotros te nombramos porque la justicia se olvid\u00f3 de ti. Rodolfo Jaciel V\u00e1squez Santiago, Gildardo Alejandro Gonz\u00e1lez Le\u00f3n y Gustavo Garc\u00eda Rodr\u00edguez son los otros nombres que no vamos a olvidar, porque son los jueces que hoy negaron la justicia y se pusieron del lado de los asesinos\u201d, refirieron.<\/p>\n","protected":false},"excerpt":{"rendered":"<p>Ismael Garc\u00eda M.\/Zona Roja. Oaxaca de Ju\u00e1rez, Oax., 25 de marzo de 2022.- El polic\u00eda&hellip;<\/p>\n","protected":false},"author":2,"featured_media":13645,"comment_status":"closed","ping_status":"open","sticky":false,"template":"","format":"standard","meta":{"_lmt_disableupdate":"","_lmt_disable":"","_jetpack_memberships_contains_paid_content":false,"footnotes":""},"categories":[109,47],"tags":[1803],"class_list":["post-39182","post","type-post","status-publish","format-standard","has-post-thumbnail","hentry","category-minuto-a-minuto","category-zona-gris","tag-alexander-m-g"],"jetpack_featured_media_url":"https:\/\/zonaroja.com.mx\/wp-content\/uploads\/2020\/06\/Sepelio-Alexander-1.jpg","jetpack_sharing_enabled":true,"_links":{"self":[{"href":"https:\/\/zonaroja.com.mx\/index.php?rest_route=\/wp\/v2\/posts\/39182","targetHints":{"allow":["GET"]}}],"collection":[{"href":"https:\/\/zonaroja.com.mx\/index.php?rest_route=\/wp\/v2\/posts"}],"about":[{"href":"https:\/\/zonaroja.com.mx\/index.php?rest_route=\/wp\/v2\/types\/post"}],"author":[{"embeddable":true,"href":"https:\/\/zonaroja.com.mx\/index.php?rest_route=\/wp\/v2\/users\/2"}],"replies":[{"embeddable":true,"href":"https:\/\/zonaroja.com.mx\/index.php?rest_route=%2Fwp%2Fv2%2Fcomments&post=39182"}],"version-history":[{"count":3,"href":"https:\/\/zonaroja.com.mx\/index.php?rest_route=\/wp\/v2\/posts\/39182\/revisions"}],"predecessor-version":[{"id":39186,"href":"https:\/\/zonaroja.com.mx\/index.php?rest_route=\/wp\/v2\/posts\/39182\/revisions\/39186"}],"wp:featuredmedia":[{"embeddable":true,"href":"https:\/\/zonaroja.com.mx\/index.php?rest_route=\/wp\/v2\/media\/13645"}],"wp:attachment":[{"href":"https:\/\/zonaroja.com.mx\/index.php?rest_route=%2Fwp%2Fv2%2Fmedia&parent=39182"}],"wp:term":[{"taxonomy":"category","embeddable":true,"href":"https:\/\/zonaroja.com.mx\/index.php?rest_route=%2Fwp%2Fv2%2Fcategories&post=39182"},{"taxonomy":"post_tag","embeddable":true,"href":"https:\/\/zonaroja.com.mx\/index.php?rest_route=%2Fwp%2Fv2%2Ftags&post=39182"}],"curies":[{"name":"wp","href":"https:\/\/api.w.org\/{rel}","templated":true}]}}