{"id":39185,"date":"2022-03-25T21:55:51","date_gmt":"2022-03-26T03:55:51","guid":{"rendered":"http:\/\/www.zonaroja.com.mx\/?p=39185"},"modified":"2022-03-25T21:55:53","modified_gmt":"2022-03-26T03:55:53","slug":"apelara-fiscalia-de-oaxaca-absolucion-de-policia-en-caso-alexander","status":"publish","type":"post","link":"https:\/\/zonaroja.com.mx\/?p=39185","title":{"rendered":"Apelar\u00e1 Fiscal\u00eda de Oaxaca absoluci\u00f3n de polic\u00eda en caso Alexander"},"content":{"rendered":"\n<p>Redacci\u00f3n\/Zona Roja.&nbsp;<\/p>\n\n\n\n<p>Oaxaca de Ju\u00e1rez, Oax., 25 de marzo de 2022.- La Fiscal\u00eda General del Estado de Oaxaca lament\u00f3 que el imputado por el homicidio calificado de A. M. G. (Alexander) haya sido absuelto por el Tribunal de Enjuiciamiento de la Regi\u00f3n de la Cuenca.<\/p>\n\n\n\n<p>Lo anterior, expuso en un comunicado, a pesar de que se aportaron las pruebas suficientes para probar la responsabilidad en la comisi\u00f3n de este delito, por lo que impugnar\u00e1 la resoluci\u00f3n para que las v\u00edctimas tengan acceso a la justicia.<\/p>\n\n\n\n<p>Este viernes 25 de marzo de 2022, el polic\u00eda que estaba imputada por el homicidio asentado en la carpeta de investigaci\u00f3n 18130\/FCUE\/ACATLAN\/2020 qued\u00f3 en libertad luego que dos de los tres jueces del Tribunal de Enjuiciamiento del Poder Judicial desestimaran las pruebas en su contra.<\/p>\n\n\n\n<p>El homicidio ocurri\u00f3 la noche del 9 de junio de 2020, alrededor de las 22:30 horas, en la calle de \u00c1lvaro Obreg\u00f3n cruce que conecta con la carretera El Amate-Acatl\u00e1n de P\u00e9rez Figueroa, tramos de Vicente Camalote, municipio de Acatl\u00e1n de P\u00e9rez Figueroa.<\/p>\n\n\n\n<p>La Fiscal\u00eda expuso que desde el momento en que la actual administraci\u00f3n de la FGEO tom\u00f3 conocimiento del caso, se trabaj\u00f3 de manera oportuna y en estricto apego a la ley para aportar las pruebas suficientes contra el imputado.<\/p>\n\n\n\n<p>\u201cSe hicieron estudios periciales que revelaron la mec\u00e1nica de los hechos la cual sugiere la responsabilidad de quien accion\u00f3 el arma homicida.&nbsp;<\/p>\n\n\n\n<p>\u201cAdem\u00e1s, el Tribunal de Enjuiciamiento de la Regi\u00f3n de la Cuenca desatendi\u00f3 las contradicciones en las declaraciones hechas por los polic\u00edas municipales que estuvieron presentes el d\u00eda del homicidio.<\/p>\n\n\n\n<p>\u201cTambi\u00e9n, el mismo Tribunal mostr\u00f3 parcialidad al analizar solamente la versi\u00f3n de los polic\u00edas municipales de Acatl\u00e1n de P\u00e9rez Figueroa, sin tomar en consideraci\u00f3n la versi\u00f3n de los testigos presenciales\u201d, expuso en su comunicado.<\/p>\n\n\n\n<p>A\u00f1adi\u00f3 que luego de esta resoluci\u00f3n del Tribunal de Enjuiciamiento, la Fiscal\u00eda de Oaxaca apelar\u00e1 la absoluci\u00f3n de la persona imputada para que las instancias pertinentes revisen la actuaci\u00f3n deficiente y contra Derecho de los jueces.<\/p>\n\n\n\n<p>\u201cEstas acciones legales encabezadas por la FGEO buscan llegar a la verdad para fincar responsabilidades contra quien resulte responsable de este delito para que no quede en la impunidad\u201d, remarc\u00f3.<\/p>\n","protected":false},"excerpt":{"rendered":"<p>Redacci\u00f3n\/Zona Roja.&nbsp; Oaxaca de Ju\u00e1rez, Oax., 25 de marzo de 2022.- La Fiscal\u00eda General del&hellip;<\/p>\n","protected":false},"author":2,"featured_media":25651,"comment_status":"closed","ping_status":"open","sticky":false,"template":"","format":"standard","meta":{"_lmt_disableupdate":"","_lmt_disable":"","_jetpack_memberships_contains_paid_content":false,"footnotes":""},"categories":[109,47],"tags":[494],"class_list":["post-39185","post","type-post","status-publish","format-standard","has-post-thumbnail","hentry","category-minuto-a-minuto","category-zona-gris","tag-fiscalia-general-del-estado-de-oaxaca"],"jetpack_featured_media_url":"https:\/\/zonaroja.com.mx\/wp-content\/uploads\/2021\/04\/Alexander-Martinez-Gomez.jpg","jetpack_sharing_enabled":true,"_links":{"self":[{"href":"https:\/\/zonaroja.com.mx\/index.php?rest_route=\/wp\/v2\/posts\/39185","targetHints":{"allow":["GET"]}}],"collection":[{"href":"https:\/\/zonaroja.com.mx\/index.php?rest_route=\/wp\/v2\/posts"}],"about":[{"href":"https:\/\/zonaroja.com.mx\/index.php?rest_route=\/wp\/v2\/types\/post"}],"author":[{"embeddable":true,"href":"https:\/\/zonaroja.com.mx\/index.php?rest_route=\/wp\/v2\/users\/2"}],"replies":[{"embeddable":true,"href":"https:\/\/zonaroja.com.mx\/index.php?rest_route=%2Fwp%2Fv2%2Fcomments&post=39185"}],"version-history":[{"count":1,"href":"https:\/\/zonaroja.com.mx\/index.php?rest_route=\/wp\/v2\/posts\/39185\/revisions"}],"predecessor-version":[{"id":39187,"href":"https:\/\/zonaroja.com.mx\/index.php?rest_route=\/wp\/v2\/posts\/39185\/revisions\/39187"}],"wp:featuredmedia":[{"embeddable":true,"href":"https:\/\/zonaroja.com.mx\/index.php?rest_route=\/wp\/v2\/media\/25651"}],"wp:attachment":[{"href":"https:\/\/zonaroja.com.mx\/index.php?rest_route=%2Fwp%2Fv2%2Fmedia&parent=39185"}],"wp:term":[{"taxonomy":"category","embeddable":true,"href":"https:\/\/zonaroja.com.mx\/index.php?rest_route=%2Fwp%2Fv2%2Fcategories&post=39185"},{"taxonomy":"post_tag","embeddable":true,"href":"https:\/\/zonaroja.com.mx\/index.php?rest_route=%2Fwp%2Fv2%2Ftags&post=39185"}],"curies":[{"name":"wp","href":"https:\/\/api.w.org\/{rel}","templated":true}]}}