{"id":39188,"date":"2022-03-25T22:02:54","date_gmt":"2022-03-26T04:02:54","guid":{"rendered":"http:\/\/www.zonaroja.com.mx\/?p=39188"},"modified":"2022-03-25T22:02:57","modified_gmt":"2022-03-26T04:02:57","slug":"ordena-poder-judicial-federal-reinstalar-a-magistrada-en-tjao","status":"publish","type":"post","link":"https:\/\/zonaroja.com.mx\/?p=39188","title":{"rendered":"Ordena Poder Judicial federal reinstalar a magistrada en TJAO"},"content":{"rendered":"\n<p>Redacci\u00f3n\/Informativo 570<\/p>\n\n\n\n<p>Oaxaca de Ju\u00e1rez, Oax., 25 de marzo de 2022.- El Poder Judicial de la Federaci\u00f3n (PJF), determin\u00f3 que la magistrada Frida Jim\u00e9nez Valencia, s\u00ed sufri\u00f3 violencia institucional en el Tribunal de Justicia Administrativa del Estado de Oaxaca (TJAO), por lo que exigi\u00f3 su reinstalaci\u00f3n o que el \u00f3rgano la indemnice con m\u00e1s de tres millones de pesos.<\/p>\n\n\n\n<p>La magistrada document\u00f3 la violencia institucional que padeci\u00f3 por parte del magistrado presidente del TJAO, Manuel Velasco Alc\u00e1ntara, y otros funcionarios durante el a\u00f1o 2020, para que dejara el cargo y con ello no inmiscuirse en los \u201carreglos en lo oscurito\u201d que presuntamente realizaba este \u00f3rgano de justicia.<\/p>\n\n\n\n<p>Frida Jim\u00e9nez hab\u00eda sido designada como magistrada del TJAO para el periodo del 21 de marzo de 2014 al 20 de marzo de 2022, sin embargo, el 6 de marzo de 2020, a dos a\u00f1os de cumplirse su mandato, fue separada de su cargo y la posibilidad de ser reelecta conforme a la ley.<\/p>\n\n\n\n<p>Ante esta situaci\u00f3n y sin temor, la v\u00edctima promovi\u00f3 acciones jur\u00eddicas con el apoyo de Litigio Estrat\u00e9gico Ind\u00edgena A.C., para la lucha jur\u00eddica en sede constitucional, al exponer que Manuel Velasco presum\u00eda de acuerdos con el Consejero Jur\u00eddico Octavio Tinajero y la presidenta Mar\u00eda Elena Villa Carrillo, para intimidarla y que no continuar\u00e1 con su queja.<\/p>\n\n\n\n<p>A casi dos a\u00f1os del caso, el juez Segundo de Distrito en el Estado de Oaxaca, Fidel Gallegos Figueroa, emiti\u00f3 la sentencia de amparo que protege a la afectada y resalta que si el TJAO no cumple con la reinstalaci\u00f3n de la magistrada deber\u00e1 indemnizarla conforme a la ley.<\/p>\n\n\n\n<p>Esta sentencia tendr\u00e1 que cumplirla el presidente del Tribunal de Justicia Administrativa del Estado de Oaxaca, Manuel Velasco Alc\u00e1ntara.<\/p>\n\n\n\n<figure class=\"wp-block-image size-large\"><a href=\"http:\/\/www.zonaroja.com.mx\/wp-content\/uploads\/2022\/03\/Frida-Jimenez-V.jpg\" data-rel=\"penci-gallery-image-content\" ><img decoding=\"async\" width=\"791\" height=\"1024\" src=\"http:\/\/www.zonaroja.com.mx\/wp-content\/uploads\/2022\/03\/Frida-Jimenez-V-791x1024.jpg\" alt=\"\" class=\"wp-image-39190\" srcset=\"https:\/\/zonaroja.com.mx\/wp-content\/uploads\/2022\/03\/Frida-Jimenez-V-791x1024.jpg 791w, https:\/\/zonaroja.com.mx\/wp-content\/uploads\/2022\/03\/Frida-Jimenez-V-232x300.jpg 232w, https:\/\/zonaroja.com.mx\/wp-content\/uploads\/2022\/03\/Frida-Jimenez-V-768x994.jpg 768w, https:\/\/zonaroja.com.mx\/wp-content\/uploads\/2022\/03\/Frida-Jimenez-V-585x757.jpg 585w, https:\/\/zonaroja.com.mx\/wp-content\/uploads\/2022\/03\/Frida-Jimenez-V.jpg 816w\" sizes=\"(max-width: 791px) 100vw, 791px\" \/><\/a><\/figure>\n","protected":false},"excerpt":{"rendered":"<p>Redacci\u00f3n\/Informativo 570 Oaxaca de Ju\u00e1rez, Oax., 25 de marzo de 2022.- El Poder Judicial de&hellip;<\/p>\n","protected":false},"author":2,"featured_media":39189,"comment_status":"closed","ping_status":"open","sticky":false,"template":"","format":"standard","meta":{"_lmt_disableupdate":"","_lmt_disable":"","_jetpack_memberships_contains_paid_content":false,"footnotes":""},"categories":[109,47],"tags":[3084],"class_list":["post-39188","post","type-post","status-publish","format-standard","has-post-thumbnail","hentry","category-minuto-a-minuto","category-zona-gris","tag-frida-jimenez-valencia"],"jetpack_featured_media_url":"https:\/\/zonaroja.com.mx\/wp-content\/uploads\/2022\/03\/Frida-Jimenez-Valencia.jpg","jetpack_sharing_enabled":true,"_links":{"self":[{"href":"https:\/\/zonaroja.com.mx\/index.php?rest_route=\/wp\/v2\/posts\/39188","targetHints":{"allow":["GET"]}}],"collection":[{"href":"https:\/\/zonaroja.com.mx\/index.php?rest_route=\/wp\/v2\/posts"}],"about":[{"href":"https:\/\/zonaroja.com.mx\/index.php?rest_route=\/wp\/v2\/types\/post"}],"author":[{"embeddable":true,"href":"https:\/\/zonaroja.com.mx\/index.php?rest_route=\/wp\/v2\/users\/2"}],"replies":[{"embeddable":true,"href":"https:\/\/zonaroja.com.mx\/index.php?rest_route=%2Fwp%2Fv2%2Fcomments&post=39188"}],"version-history":[{"count":1,"href":"https:\/\/zonaroja.com.mx\/index.php?rest_route=\/wp\/v2\/posts\/39188\/revisions"}],"predecessor-version":[{"id":39191,"href":"https:\/\/zonaroja.com.mx\/index.php?rest_route=\/wp\/v2\/posts\/39188\/revisions\/39191"}],"wp:featuredmedia":[{"embeddable":true,"href":"https:\/\/zonaroja.com.mx\/index.php?rest_route=\/wp\/v2\/media\/39189"}],"wp:attachment":[{"href":"https:\/\/zonaroja.com.mx\/index.php?rest_route=%2Fwp%2Fv2%2Fmedia&parent=39188"}],"wp:term":[{"taxonomy":"category","embeddable":true,"href":"https:\/\/zonaroja.com.mx\/index.php?rest_route=%2Fwp%2Fv2%2Fcategories&post=39188"},{"taxonomy":"post_tag","embeddable":true,"href":"https:\/\/zonaroja.com.mx\/index.php?rest_route=%2Fwp%2Fv2%2Ftags&post=39188"}],"curies":[{"name":"wp","href":"https:\/\/api.w.org\/{rel}","templated":true}]}}