{"id":39192,"date":"2022-03-25T22:15:12","date_gmt":"2022-03-26T04:15:12","guid":{"rendered":"http:\/\/www.zonaroja.com.mx\/?p=39192"},"modified":"2022-03-25T22:15:15","modified_gmt":"2022-03-26T04:15:15","slug":"siguen-a-la-baja-los-casos-de-covid-19-en-oaxaca","status":"publish","type":"post","link":"https:\/\/zonaroja.com.mx\/?p=39192","title":{"rendered":"Siguen a la baja los casos de Covid-19 en Oaxaca"},"content":{"rendered":"\n<p>Redacci\u00f3n\/Zona Roja.<\/p>\n\n\n\n<p>Oaxaca de Ju\u00e1rez, Oax. 25 de marzo de 2022.- Los Servicios de Salud de Oaxaca (SSO) informaron que la entidad alcanz\u00f3 los 119 mil 268 contagios acumulados de Covid-19 y seis mil 137 defunciones, por lo que hay un incremento de 29 casos nuevos y dos decesos m\u00e1s, en comparaci\u00f3n del informe de ayer.<\/p>\n\n\n\n<p>La dependencia indic\u00f3 que este viernes se notificaron 293 casos activos ubicados en 63 municipios, es decir, quienes presentaron s\u00edntomas en los \u00faltimos 14 d\u00edas, y actualmente pueden transmitir el virus a otras personas.<\/p>\n\n\n\n<p>Seg\u00fan las estad\u00edsticas estatales, la cifra de pacientes recuperados ascendi\u00f3 a 112 mil 838, hay 81 mil 789 casos negativos y 5 mil 772 sospechosos.<\/p>\n\n\n\n<p>Los 29 casos nuevos registrados en esta jornada corresponden a 14 municipios, con mayor incidencia Oaxaca de Ju\u00e1rez donde se reportaron 12 positivos, as\u00ed como Ciudad Ixtepec, San Agust\u00edn Yatareni, San Juan Bautista Tuxtepec y Santa Cruz Xoxocotl\u00e1n con dos casos respectivamente, el resto una notificaci\u00f3n.<\/p>\n\n\n\n<figure class=\"wp-block-embed is-type-rich is-provider-twitter wp-block-embed-twitter\"><div class=\"wp-block-embed__wrapper\">\n<div class=\"twitter-tweet\"><blockquote class=\"twitter-tweet\" data-lang=\"es\"><p lang=\"es\" dir=\"ltr\"><a href=\"https:\/\/twitter.com\/hashtag\/%C3%9AltimoMinuto?src=hash&amp;ref_src=twsrc%5Etfw\">#\u00daltimoMinuto<\/a><br>Los Servicios de Salud de <a href=\"https:\/\/twitter.com\/hashtag\/Oaxaca?src=hash&amp;ref_src=twsrc%5Etfw\">#Oaxaca<\/a> reportaron este viernes 29 casos positivos a Covid, 2 defunciones y 293 casos activos.<br>Suman a hoy 119 mil 268 casos confirmados y 6 mil 137 decesos.<br>Hay 5 nosocomios saturados y la ocupaci\u00f3n hospitalaria promedio es de 10.8% <a href=\"https:\/\/t.co\/RTqc0qwdXG\">pic.twitter.com\/RTqc0qwdXG<\/a><\/p>&mdash; Zona Roja Oaxaca (@ZonaRoja_Oaxaca) <a href=\"https:\/\/twitter.com\/ZonaRoja_Oaxaca\/status\/1507554239035449351?ref_src=twsrc%5Etfw\">26 de marzo de 2022<\/a><\/blockquote><\/div>\n<\/div><\/figure>\n\n\n\n<p>Este d\u00eda, la red m\u00e9dica en la entidad report\u00f3 un 89.2% de disponibilidad, tres pacientes requirieron ingreso hospitalario, para un total de 42 personas que reciben atenci\u00f3n especializada por presentar complicaciones de la patolog\u00eda.<\/p>\n\n\n\n<p>A nivel general, de los 119 mil 268 pacientes positivos acumulados con la enfermedad, 12 mil 798 han requerido hospitalizaci\u00f3n, mientras que 106 mil 470 han cursado la patolog\u00eda en aislamiento domiciliario.<\/p>\n\n\n\n<p>Los casos confirmados acumulados se concentran de la siguiente manera: Valles Centrales tiene un total de 72 mil 899 positivos, dos mil 675 defunciones y 134 casos activos; Istmo 16 mil 649 positivos, mil 348 defunciones y 99 activos; Tuxtepec con ocho mil 877, 619 defunciones y 29 activos; Costa ocho mil 265 positivos, 510 defunciones y 18 activos; Mixteca ocho mil 741 positivos, 640 defunciones y 10 activos; tres mil 837 positivos, 354 defunciones y tres activos.<\/p>\n\n\n\n<p>La dependencia reiter\u00f3 la importancia de hacer uso correcto del cubrebocas, lavarse las manos con agua y jab\u00f3n de manera frecuente, alimentarse sanamente, realizar ejercicio todos los d\u00edas de preferencia en espacios abiertos, as\u00ed como completar el esquema de vacunaci\u00f3n y dosis de refuerzo, para evitar enfermar o presentar complicaciones a causa del coronavirus.<\/p>\n\n\n\n<p>(Comunicado)<\/p>\n","protected":false},"excerpt":{"rendered":"<p>Redacci\u00f3n\/Zona Roja. Oaxaca de Ju\u00e1rez, Oax. 25 de marzo de 2022.- Los Servicios de Salud&hellip;<\/p>\n","protected":false},"author":2,"featured_media":39193,"comment_status":"closed","ping_status":"open","sticky":false,"template":"","format":"standard","meta":{"_lmt_disableupdate":"","_lmt_disable":"","_jetpack_memberships_contains_paid_content":false,"footnotes":""},"categories":[109,47],"tags":[1512],"class_list":["post-39192","post","type-post","status-publish","format-standard","has-post-thumbnail","hentry","category-minuto-a-minuto","category-zona-gris","tag-coronavirus-oaxaca"],"jetpack_featured_media_url":"https:\/\/zonaroja.com.mx\/wp-content\/uploads\/2022\/03\/Casos-de-Covid-25-marzo.jpg","jetpack_sharing_enabled":true,"_links":{"self":[{"href":"https:\/\/zonaroja.com.mx\/index.php?rest_route=\/wp\/v2\/posts\/39192","targetHints":{"allow":["GET"]}}],"collection":[{"href":"https:\/\/zonaroja.com.mx\/index.php?rest_route=\/wp\/v2\/posts"}],"about":[{"href":"https:\/\/zonaroja.com.mx\/index.php?rest_route=\/wp\/v2\/types\/post"}],"author":[{"embeddable":true,"href":"https:\/\/zonaroja.com.mx\/index.php?rest_route=\/wp\/v2\/users\/2"}],"replies":[{"embeddable":true,"href":"https:\/\/zonaroja.com.mx\/index.php?rest_route=%2Fwp%2Fv2%2Fcomments&post=39192"}],"version-history":[{"count":1,"href":"https:\/\/zonaroja.com.mx\/index.php?rest_route=\/wp\/v2\/posts\/39192\/revisions"}],"predecessor-version":[{"id":39194,"href":"https:\/\/zonaroja.com.mx\/index.php?rest_route=\/wp\/v2\/posts\/39192\/revisions\/39194"}],"wp:featuredmedia":[{"embeddable":true,"href":"https:\/\/zonaroja.com.mx\/index.php?rest_route=\/wp\/v2\/media\/39193"}],"wp:attachment":[{"href":"https:\/\/zonaroja.com.mx\/index.php?rest_route=%2Fwp%2Fv2%2Fmedia&parent=39192"}],"wp:term":[{"taxonomy":"category","embeddable":true,"href":"https:\/\/zonaroja.com.mx\/index.php?rest_route=%2Fwp%2Fv2%2Fcategories&post=39192"},{"taxonomy":"post_tag","embeddable":true,"href":"https:\/\/zonaroja.com.mx\/index.php?rest_route=%2Fwp%2Fv2%2Ftags&post=39192"}],"curies":[{"name":"wp","href":"https:\/\/api.w.org\/{rel}","templated":true}]}}