{"id":39195,"date":"2022-03-25T22:26:39","date_gmt":"2022-03-26T04:26:39","guid":{"rendered":"http:\/\/www.zonaroja.com.mx\/?p=39195"},"modified":"2022-03-25T22:26:41","modified_gmt":"2022-03-26T04:26:41","slug":"recrudece-violencia-en-la-zona-triqui-hay-un-asesinado","status":"publish","type":"post","link":"https:\/\/zonaroja.com.mx\/?p=39195","title":{"rendered":"Recrudece violencia en la zona Triqui; hay un asesinado"},"content":{"rendered":"\n<p>Ismael Garc\u00eda M.\/Zona Roja.<\/p>\n\n\n\n<p>Oaxaca de Ju\u00e1rez, Oax., 25 de marzo de 2022.- La violencia, al igual que las acusaciones entre organizaciones, recrudecieron en la zona Triqui de Oaxaca.<\/p>\n\n\n\n<p>Este viernes alrededor del mediod\u00eda, fue hallado el cuerpo de un individuo con varios disparos de arma de fuego, en la carretera que comunica a Santiago Juxtlahuaca con la localidad de Concepci\u00f3n Carrizal.<\/p>\n\n\n\n<p>Fue en jurisdicci\u00f3n de Yosoyuxi Copala en que se localiz\u00f3 una camioneta tipo redilas, con placas de circulaci\u00f3n MSS-7585, del Estado de M\u00e9xico, con una v\u00edctima en su interior, identificada de manera preliminar comoJ.M.M., de 43 a\u00f1os de edad.<\/p>\n\n\n\n<p>Por otra parte, tanto el MULT como el MULTI continuaron con las acusaciones mutuas de agresiones armadas, ataques que iniciaron desde el pasado s\u00e1bado 19 de marzo.<\/p>\n\n\n\n<p>Seg\u00fan militantes del Movimiento de Unificaci\u00f3n y Lucha Triqui Independiente, los presuntos agresores del MULT hirieron de bala ayer a una persona, originaria de San Sebasti\u00e1n Tecomaxtlahuca, municipio colindante con Juxtlahuaca.<\/p>\n\n\n\n<p>Por otra parte, en la localidad de Santa Maria Tin\u00fa, Asunci\u00f3n Nochixtl\u00e1n, este d\u00eda se registr\u00f3 un ataque armado, en el Comisariado de Bienes Comunales, lo que dej\u00f3 como saldo una persona herida de bala.<\/p>\n\n\n\n<p>Mientras tanto, en Juxtlahuaca, la madrugada de hoy un funcionario del ayuntamiento fue atacado a balazos en el interior de un bar.<\/p>\n\n\n\n<p>Los hechos sucedieron en la calle de Alcal\u00e1, en el barrio Santo Ni\u00f1o de Atocha, y la v\u00edctima identificada con las iniciales J. L. L., fue trasladada a un hospital.<\/p>\n","protected":false},"excerpt":{"rendered":"<p>Ismael Garc\u00eda M.\/Zona Roja. Oaxaca de Ju\u00e1rez, Oax., 25 de marzo de 2022.- La violencia,&hellip;<\/p>\n","protected":false},"author":2,"featured_media":39196,"comment_status":"closed","ping_status":"open","sticky":false,"template":"","format":"standard","meta":{"_lmt_disableupdate":"","_lmt_disable":"","_jetpack_memberships_contains_paid_content":false,"footnotes":""},"categories":[109,47],"tags":[826],"class_list":["post-39195","post","type-post","status-publish","format-standard","has-post-thumbnail","hentry","category-minuto-a-minuto","category-zona-gris","tag-santiago-juxtlahuaca"],"jetpack_featured_media_url":"https:\/\/zonaroja.com.mx\/wp-content\/uploads\/2022\/03\/Asesinado-Juxtlahuaca.jpeg","jetpack_sharing_enabled":true,"_links":{"self":[{"href":"https:\/\/zonaroja.com.mx\/index.php?rest_route=\/wp\/v2\/posts\/39195","targetHints":{"allow":["GET"]}}],"collection":[{"href":"https:\/\/zonaroja.com.mx\/index.php?rest_route=\/wp\/v2\/posts"}],"about":[{"href":"https:\/\/zonaroja.com.mx\/index.php?rest_route=\/wp\/v2\/types\/post"}],"author":[{"embeddable":true,"href":"https:\/\/zonaroja.com.mx\/index.php?rest_route=\/wp\/v2\/users\/2"}],"replies":[{"embeddable":true,"href":"https:\/\/zonaroja.com.mx\/index.php?rest_route=%2Fwp%2Fv2%2Fcomments&post=39195"}],"version-history":[{"count":1,"href":"https:\/\/zonaroja.com.mx\/index.php?rest_route=\/wp\/v2\/posts\/39195\/revisions"}],"predecessor-version":[{"id":39197,"href":"https:\/\/zonaroja.com.mx\/index.php?rest_route=\/wp\/v2\/posts\/39195\/revisions\/39197"}],"wp:featuredmedia":[{"embeddable":true,"href":"https:\/\/zonaroja.com.mx\/index.php?rest_route=\/wp\/v2\/media\/39196"}],"wp:attachment":[{"href":"https:\/\/zonaroja.com.mx\/index.php?rest_route=%2Fwp%2Fv2%2Fmedia&parent=39195"}],"wp:term":[{"taxonomy":"category","embeddable":true,"href":"https:\/\/zonaroja.com.mx\/index.php?rest_route=%2Fwp%2Fv2%2Fcategories&post=39195"},{"taxonomy":"post_tag","embeddable":true,"href":"https:\/\/zonaroja.com.mx\/index.php?rest_route=%2Fwp%2Fv2%2Ftags&post=39195"}],"curies":[{"name":"wp","href":"https:\/\/api.w.org\/{rel}","templated":true}]}}