{"id":39198,"date":"2022-03-26T07:42:17","date_gmt":"2022-03-26T13:42:17","guid":{"rendered":"http:\/\/www.zonaroja.com.mx\/?p=39198"},"modified":"2022-03-26T07:42:18","modified_gmt":"2022-03-26T13:42:18","slug":"en-vispera-de-elecciones-extraordinarias-incendian-vehiculo-de-candidato-en-mitla","status":"publish","type":"post","link":"https:\/\/zonaroja.com.mx\/?p=39198","title":{"rendered":"En v\u00edspera de elecciones extraordinarias, incendian veh\u00edculo de candidato en Mitla"},"content":{"rendered":"\n<p>Ismael Garc\u00eda M.\/Zona Roja.<\/p>\n\n\n\n<p>Oaxaca de Ju\u00e1rez, Oax., 26 de marzo de 2022.- A 24 horas de las elecciones extraordinarias en siete municipios de Oaxaca, en la Villa de Mitla la madrugada de hoy fue incendiado un veh\u00edculo, presuntamente de un candidato a la presidencia municipal.<\/p>\n\n\n\n<p>Corporaciones policiacas municipal y estatal arribaron a la zona para auxiliar, pero las llamas consumieron de inmediato la unidad de motor.<\/p>\n\n\n\n<p>De acuerdo con las primeras versiones, el veh\u00edculo ser\u00eda de Wilmer Sosa garc\u00eda, aspirante del PRI a la primera concejal\u00eda.<\/p>\n\n\n\n<p>Versiones no confirmadas oficialmente, detallaron tambi\u00e9n horas antes, sujetos armados intentaron robar paqueter\u00eda electoral, tras lo cual hubo un enfrentamiento con polic\u00edas.<\/p>\n\n\n\n<p>Luego de ello habr\u00edan sido detenidos dos individuos y puestos a disposici\u00f3n de las autoridades estatales.<\/p>\n\n\n\n<p>En Santa Cruz Xoxocotl\u00e1n se ha intensificado tambi\u00e9n la guerra de acusaciones y denuncias, lo que ha incrementado la tensi\u00f3n en ese municipio conurbado a la capital.<\/p>\n\n\n\n<p>Este 27 de marzo se efectuar\u00e1n elecciones extraordinarias para conformar ayuntamientos en Mitla, Xoxocotl\u00e1n, Santa Mar\u00eda Mixtequilla, Reforma de Pineda, Santiago Laollaga, Chahuites y Santa Mar\u00eda Xadani.<\/p>\n\n\n\n<figure class=\"wp-block-embed is-type-rich is-provider-twitter wp-block-embed-twitter\"><div class=\"wp-block-embed__wrapper\">\n<div class=\"twitter-tweet\"><blockquote class=\"twitter-tweet\" data-lang=\"es\"><p lang=\"es\" dir=\"ltr\"><a href=\"https:\/\/twitter.com\/hashtag\/%C3%9AltimoMinuto?src=hash&amp;ref_src=twsrc%5Etfw\">#\u00daltimoMinuto<\/a> <br>En la v\u00edspera de la elecci\u00f3n extraordinaria de autoridades municipales, un veh\u00edculo, presuntamente propiedad del candidato del PRI, fue incendiado la madrugada de s\u00e1bado en la Villa de <a href=\"https:\/\/twitter.com\/hashtag\/Mitla?src=hash&amp;ref_src=twsrc%5Etfw\">#Mitla<\/a>, <a href=\"https:\/\/twitter.com\/hashtag\/Oaxaca?src=hash&amp;ref_src=twsrc%5Etfw\">#Oaxaca<\/a>. <a href=\"https:\/\/twitter.com\/hashtag\/EleccionesOaxaca2022?src=hash&amp;ref_src=twsrc%5Etfw\">#EleccionesOaxaca2022<\/a> <a href=\"https:\/\/t.co\/20Jfz0l4HS\">pic.twitter.com\/20Jfz0l4HS<\/a><\/p>&mdash; Zona Roja Oaxaca (@ZonaRoja_Oaxaca) <a href=\"https:\/\/twitter.com\/ZonaRoja_Oaxaca\/status\/1507701542132109324?ref_src=twsrc%5Etfw\">26 de marzo de 2022<\/a><\/blockquote><\/div>\n<\/div><\/figure>\n","protected":false},"excerpt":{"rendered":"<p>Ismael Garc\u00eda M.\/Zona Roja. Oaxaca de Ju\u00e1rez, Oax., 26 de marzo de 2022.- A 24&hellip;<\/p>\n","protected":false},"author":2,"featured_media":39199,"comment_status":"closed","ping_status":"open","sticky":false,"template":"","format":"standard","meta":{"_lmt_disableupdate":"","_lmt_disable":"","_jetpack_memberships_contains_paid_content":false,"footnotes":""},"categories":[109,47],"tags":[1127],"class_list":["post-39198","post","type-post","status-publish","format-standard","has-post-thumbnail","hentry","category-minuto-a-minuto","category-zona-gris","tag-san-pablo-villa-de-mitla"],"jetpack_featured_media_url":"https:\/\/zonaroja.com.mx\/wp-content\/uploads\/2022\/03\/incendio-vehiculo-Mitla.jpg","jetpack_sharing_enabled":true,"_links":{"self":[{"href":"https:\/\/zonaroja.com.mx\/index.php?rest_route=\/wp\/v2\/posts\/39198","targetHints":{"allow":["GET"]}}],"collection":[{"href":"https:\/\/zonaroja.com.mx\/index.php?rest_route=\/wp\/v2\/posts"}],"about":[{"href":"https:\/\/zonaroja.com.mx\/index.php?rest_route=\/wp\/v2\/types\/post"}],"author":[{"embeddable":true,"href":"https:\/\/zonaroja.com.mx\/index.php?rest_route=\/wp\/v2\/users\/2"}],"replies":[{"embeddable":true,"href":"https:\/\/zonaroja.com.mx\/index.php?rest_route=%2Fwp%2Fv2%2Fcomments&post=39198"}],"version-history":[{"count":1,"href":"https:\/\/zonaroja.com.mx\/index.php?rest_route=\/wp\/v2\/posts\/39198\/revisions"}],"predecessor-version":[{"id":39200,"href":"https:\/\/zonaroja.com.mx\/index.php?rest_route=\/wp\/v2\/posts\/39198\/revisions\/39200"}],"wp:featuredmedia":[{"embeddable":true,"href":"https:\/\/zonaroja.com.mx\/index.php?rest_route=\/wp\/v2\/media\/39199"}],"wp:attachment":[{"href":"https:\/\/zonaroja.com.mx\/index.php?rest_route=%2Fwp%2Fv2%2Fmedia&parent=39198"}],"wp:term":[{"taxonomy":"category","embeddable":true,"href":"https:\/\/zonaroja.com.mx\/index.php?rest_route=%2Fwp%2Fv2%2Fcategories&post=39198"},{"taxonomy":"post_tag","embeddable":true,"href":"https:\/\/zonaroja.com.mx\/index.php?rest_route=%2Fwp%2Fv2%2Ftags&post=39198"}],"curies":[{"name":"wp","href":"https:\/\/api.w.org\/{rel}","templated":true}]}}