{"id":3920,"date":"2019-09-12T22:30:32","date_gmt":"2019-09-13T03:30:32","guid":{"rendered":"http:\/\/www.zonaroja.com.mx\/?p=3920"},"modified":"2019-09-12T22:30:35","modified_gmt":"2019-09-13T03:30:35","slug":"impunes-supuestos-sindicalizados-que-atacaron-a-ferrocarrileros-jubilados","status":"publish","type":"post","link":"https:\/\/zonaroja.com.mx\/?p=3920","title":{"rendered":"Impunes, supuestos sindicalizados que atacaron a ferrocarrileros jubilados"},"content":{"rendered":"\n<p>Redacci\u00f3n\/Zona\nRoja.<\/p>\n\n\n\n<p>Oaxaca de\nJu\u00e1rez, Oax., 12 de septiembre de 2019.- Tras una agresi\u00f3n de encapuchados, con\npiedras y palos, a ferrocarrileros jubilados en Ciudad Ixtepec, ninguno de los\natacantes, probables sindicalizados, ha sido detenido.<\/p>\n\n\n\n<p>Ello a pesar\nde que luego de golpear a los manifestantes en dicho municipio istme\u00f1o, se\ndirig\u00edan a repetir la operaci\u00f3n en Mat\u00edas Romero, cuando fueron interceptados\npor la Polic\u00eda Estatal, pero ninguno fue convenido o llevado al Ministerio\nP\u00f9blico.<\/p>\n\n\n\n<p>La ma\u00f1ana de hoy, el grupo de choque, presuntamente enviado por el dirigente nacional del Sindicato de Ferrocarrileros, V\u00edctor Flores, atac\u00f3 a hombres y mujeres de la tercera edad que desde hace 11 d\u00edas mantienen un bloqueo a las v\u00edas f\u00e9rreas en ambos municipios, a fin de exigir liquidaciones adecuadas y pagos atrasados.<\/p>\n\n\n\n<figure class=\"wp-block-embed-twitter wp-block-embed is-type-rich is-provider-twitter\"><div class=\"wp-block-embed__wrapper\">\n<div class=\"twitter-tweet\"><blockquote class=\"twitter-tweet\" data-lang=\"es\"><p lang=\"es\" dir=\"ltr\"><a href=\"https:\/\/twitter.com\/hashtag\/OaxacaGris?src=hash&amp;ref_src=twsrc%5Etfw\">#OaxacaGris<\/a><br>Reportan desalojo violento de ferrocarrileros en Ciudad Ixtepec y en Mat\u00edas Romero, <a href=\"https:\/\/twitter.com\/hashtag\/Oaxaca?src=hash&amp;ref_src=twsrc%5Etfw\">#Oaxaca<\/a>, tras casi dos semanas de bloqueo a v\u00edas f\u00e9rreas. <br>Video: Cortes\u00eda <a href=\"https:\/\/t.co\/Ljgdul27xU\">pic.twitter.com\/Ljgdul27xU<\/a><\/p>&mdash; Zona Roja Oaxaca (@MexRoja) <a href=\"https:\/\/twitter.com\/MexRoja\/status\/1172171790287855616?ref_src=twsrc%5Etfw\">12 de septiembre de 2019<\/a><\/blockquote><\/div>\n<\/div><\/figure>\n\n\n\n<p>Tras ello,\ndieron paso al tren, varado desde hace casi dos semanas con carga. <\/p>\n\n\n\n<p>Sin embargo,\nlos manifestantes volvieron a colocar su \u201cplant\u00f3n\u201d en las v\u00edas f\u00e9rreas,\nmientras que en Mat\u00edas Romero se atrincheraron y pidieron el apoyo de la\npoblaci\u00f3n, en espera de que llegaran a desalojarlos con violencia.<\/p>\n\n\n\n<p>Hasta el\nmomento ni la Secretar\u00eda de Seguridad P\u00fablica de Oaxaca ni la Fiscal\u00eda General\ndel Estado ha emitido alguna informaci\u00f3n acerca de la protecci\u00f3n que se brinda\na los ferrocarrileros inconformes o la aplicaci\u00f3n de justicia.<\/p>\n","protected":false},"excerpt":{"rendered":"<p>Redacci\u00f3n\/Zona Roja. Oaxaca de Ju\u00e1rez, Oax., 12 de septiembre de 2019.- Tras una agresi\u00f3n de&hellip;<\/p>\n","protected":false},"author":2,"featured_media":3921,"comment_status":"closed","ping_status":"open","sticky":false,"template":"","format":"standard","meta":{"_lmt_disableupdate":"","_lmt_disable":"","_jetpack_memberships_contains_paid_content":false,"footnotes":""},"categories":[109,47],"tags":[703,704,228],"class_list":["post-3920","post","type-post","status-publish","format-standard","has-post-thumbnail","hentry","category-minuto-a-minuto","category-zona-gris","tag-ciudad-ixtepec","tag-ferrocarrileros-jubilados","tag-matias-romero-avendano"],"jetpack_featured_media_url":"https:\/\/zonaroja.com.mx\/wp-content\/uploads\/2019\/09\/PHOTO-2019-09-12-12-57-14.jpg","jetpack_sharing_enabled":true,"_links":{"self":[{"href":"https:\/\/zonaroja.com.mx\/index.php?rest_route=\/wp\/v2\/posts\/3920","targetHints":{"allow":["GET"]}}],"collection":[{"href":"https:\/\/zonaroja.com.mx\/index.php?rest_route=\/wp\/v2\/posts"}],"about":[{"href":"https:\/\/zonaroja.com.mx\/index.php?rest_route=\/wp\/v2\/types\/post"}],"author":[{"embeddable":true,"href":"https:\/\/zonaroja.com.mx\/index.php?rest_route=\/wp\/v2\/users\/2"}],"replies":[{"embeddable":true,"href":"https:\/\/zonaroja.com.mx\/index.php?rest_route=%2Fwp%2Fv2%2Fcomments&post=3920"}],"version-history":[{"count":1,"href":"https:\/\/zonaroja.com.mx\/index.php?rest_route=\/wp\/v2\/posts\/3920\/revisions"}],"predecessor-version":[{"id":3922,"href":"https:\/\/zonaroja.com.mx\/index.php?rest_route=\/wp\/v2\/posts\/3920\/revisions\/3922"}],"wp:featuredmedia":[{"embeddable":true,"href":"https:\/\/zonaroja.com.mx\/index.php?rest_route=\/wp\/v2\/media\/3921"}],"wp:attachment":[{"href":"https:\/\/zonaroja.com.mx\/index.php?rest_route=%2Fwp%2Fv2%2Fmedia&parent=3920"}],"wp:term":[{"taxonomy":"category","embeddable":true,"href":"https:\/\/zonaroja.com.mx\/index.php?rest_route=%2Fwp%2Fv2%2Fcategories&post=3920"},{"taxonomy":"post_tag","embeddable":true,"href":"https:\/\/zonaroja.com.mx\/index.php?rest_route=%2Fwp%2Fv2%2Ftags&post=3920"}],"curies":[{"name":"wp","href":"https:\/\/api.w.org\/{rel}","templated":true}]}}