{"id":39201,"date":"2022-03-26T07:58:11","date_gmt":"2022-03-26T13:58:11","guid":{"rendered":"http:\/\/www.zonaroja.com.mx\/?p=39201"},"modified":"2022-03-26T07:58:13","modified_gmt":"2022-03-26T13:58:13","slug":"incesante-ola-criminal-en-la-ciudad-de-oaxaca-anoche-otro-asesinado","status":"publish","type":"post","link":"https:\/\/zonaroja.com.mx\/?p=39201","title":{"rendered":"Incesante ola criminal en la ciudad de Oaxaca: anoche otro asesinado"},"content":{"rendered":"\n<p>Ismael Garc\u00eda M.\/Zona Roja.<\/p>\n\n\n\n<p>Oaxaca de Ju\u00e1rez, Oax., 26 de marzo de 2022.- La violencia crece en la ciudad de Oaxaca. Anoche se registraron dos ataques armados, con saldo de un lesionado y una persona fallecida.<\/p>\n\n\n\n<p>En la colonia Arboledas, alrededor de las 19:00 horas fue agredido a balazos un individuo, presuntamente comerciante de la Central de Abasto de la capital.<\/p>\n\n\n\n<p>Fue trasladado por sus familiares a una cl\u00ednica de de la agencia de San Juan Chapultepec, donde horas m\u00e1s tarde perdi\u00f3 la vida; fue identificado como Julio E. C. G., de 58 a\u00f1os de edad y no hay personas detenidas por estos hechos.<\/p>\n\n\n\n<p>Casi a la misma hora se suscit\u00f3 otro ataque armado, en inmediaciones del parque del Amor, cuya v\u00edctima lesionada fue trasladada a un hospital de la ciudad de Oaxaca, donde a\u00fan convalece.<\/p>\n\n\n\n<p>Por otra parte, aproximadamente a las 21:30 horas, un ciclista fue atropellado por una unidad de motor, sobre la carretera federal 190 Oaxaca-M\u00e9xico, a la altura de un centro comercial de la agencia de Santa Rosa Panzacola.<\/p>\n\n\n\n<p>La v\u00edctima perdi\u00f3 la vida al instante pues al parecer el veh\u00edculo le destroz\u00f3 la cabeza.&nbsp;<\/p>\n\n\n\n<p>Presuntamente el autor del atropellamiento es un taxi del sitio Misi\u00f3n de los \u00c1ngeles de la ciudad de Oaxaca, mismo que est\u00e1 siendo buscado por los polic\u00edas.<\/p>\n","protected":false},"excerpt":{"rendered":"<p>Ismael Garc\u00eda M.\/Zona Roja. Oaxaca de Ju\u00e1rez, Oax., 26 de marzo de 2022.- La violencia&hellip;<\/p>\n","protected":false},"author":2,"featured_media":39202,"comment_status":"closed","ping_status":"open","sticky":false,"template":"","format":"standard","meta":{"_lmt_disableupdate":"","_lmt_disable":"","_jetpack_memberships_contains_paid_content":false,"footnotes":""},"categories":[109,51],"tags":[148],"class_list":["post-39201","post","type-post","status-publish","format-standard","has-post-thumbnail","hentry","category-minuto-a-minuto","category-zona-roja","tag-oaxaca-de-juarez"],"jetpack_featured_media_url":"https:\/\/zonaroja.com.mx\/wp-content\/uploads\/2022\/03\/Asesinato-ciudad-de-Oaxaca.jpg","jetpack_sharing_enabled":true,"_links":{"self":[{"href":"https:\/\/zonaroja.com.mx\/index.php?rest_route=\/wp\/v2\/posts\/39201","targetHints":{"allow":["GET"]}}],"collection":[{"href":"https:\/\/zonaroja.com.mx\/index.php?rest_route=\/wp\/v2\/posts"}],"about":[{"href":"https:\/\/zonaroja.com.mx\/index.php?rest_route=\/wp\/v2\/types\/post"}],"author":[{"embeddable":true,"href":"https:\/\/zonaroja.com.mx\/index.php?rest_route=\/wp\/v2\/users\/2"}],"replies":[{"embeddable":true,"href":"https:\/\/zonaroja.com.mx\/index.php?rest_route=%2Fwp%2Fv2%2Fcomments&post=39201"}],"version-history":[{"count":1,"href":"https:\/\/zonaroja.com.mx\/index.php?rest_route=\/wp\/v2\/posts\/39201\/revisions"}],"predecessor-version":[{"id":39203,"href":"https:\/\/zonaroja.com.mx\/index.php?rest_route=\/wp\/v2\/posts\/39201\/revisions\/39203"}],"wp:featuredmedia":[{"embeddable":true,"href":"https:\/\/zonaroja.com.mx\/index.php?rest_route=\/wp\/v2\/media\/39202"}],"wp:attachment":[{"href":"https:\/\/zonaroja.com.mx\/index.php?rest_route=%2Fwp%2Fv2%2Fmedia&parent=39201"}],"wp:term":[{"taxonomy":"category","embeddable":true,"href":"https:\/\/zonaroja.com.mx\/index.php?rest_route=%2Fwp%2Fv2%2Fcategories&post=39201"},{"taxonomy":"post_tag","embeddable":true,"href":"https:\/\/zonaroja.com.mx\/index.php?rest_route=%2Fwp%2Fv2%2Ftags&post=39201"}],"curies":[{"name":"wp","href":"https:\/\/api.w.org\/{rel}","templated":true}]}}