{"id":39207,"date":"2022-03-26T08:07:38","date_gmt":"2022-03-26T14:07:38","guid":{"rendered":"http:\/\/www.zonaroja.com.mx\/?p=39207"},"modified":"2022-03-26T08:07:40","modified_gmt":"2022-03-26T14:07:40","slug":"propone-magistrado-al-tepjf-confirmar-candidatura-de-salomon-jara","status":"publish","type":"post","link":"https:\/\/zonaroja.com.mx\/?p=39207","title":{"rendered":"Propone magistrado al TEPJF confirmar candidatura de Salom\u00f3n Jara"},"content":{"rendered":"\n<p>Redacci\u00f3n\/Zona Roja Cdmx.<\/p>\n\n\n\n<p>Ciudad de M\u00e9xico, 26 de marzo de 2022.- Un magistrado propuso a la Sala Superior del Tribunal Electoral del Poder Judicial de la Federaci\u00f3n (TEPJF) confirmar la candidatura de Salom\u00f3n Jara para la gubernatura de Oaxaca por Morena.<\/p>\n\n\n\n<p>De acuerdo con el magistrado, los argumentos de Susana Harp son inoperantes e insuficientes para demostrar presuntas violaciones en el proceso de selecci\u00f3n.<\/p>\n\n\n\n<p>Mientras tanto, previo a que inicien las campa\u00f1as electorales de la contienda del pr\u00f3ximo 5 de junio, encuestas como la de la consultora Massive Caller dieron a conocer a los primeros abanderados favoritos en las entidades.<\/p>\n\n\n\n<p>En Oaxaca donde el candidato a la gubernatura de la alianza Morena-PT-PVEM, Salom\u00f3n Jara, encabeza preferencias con el 45.6% de las intenciones del voto.<\/p>\n\n\n\n<p>De acuerdo con la encuesta el segundo lugar, lo tiene el priista Alejandro Avil\u00e9s, con el 24.9%; seguido del abanderada del PAN, Natividad D\u00edaz, con el 6.2%.<\/p>\n\n\n\n<figure class=\"wp-block-embed is-type-rich is-provider-twitter wp-block-embed-twitter\"><div class=\"wp-block-embed__wrapper\">\n<div class=\"twitter-tweet\"><blockquote class=\"twitter-tweet\" data-lang=\"es\"><p lang=\"es\" dir=\"ltr\">BOLET\u00cdN | Hace p\u00fablico el <a href=\"https:\/\/twitter.com\/hashtag\/TEPJF?src=hash&amp;ref_src=twsrc%5Etfw\">#TEPJF<\/a> proyecto de resoluci\u00f3n relacionado al proceso de selecci\u00f3n de candidatura de un partido pol\u00edtico para la gubernatura del estado de Oaxaca.<br><br>\ud83d\udcf0 <a href=\"https:\/\/t.co\/JRfdsrVx1q\">https:\/\/t.co\/JRfdsrVx1q<\/a> <a href=\"https:\/\/t.co\/hZI0fUvPcz\">pic.twitter.com\/hZI0fUvPcz<\/a><\/p>&mdash; TEPJF (@TEPJF_informa) <a href=\"https:\/\/twitter.com\/TEPJF_informa\/status\/1507516019211919368?ref_src=twsrc%5Etfw\">26 de marzo de 2022<\/a><\/blockquote><\/div>\n<\/div><\/figure>\n\n\n\n<p>(Informaci\u00f3n de Pol\u00edtica Mx)<\/p>\n","protected":false},"excerpt":{"rendered":"<p>Redacci\u00f3n\/Zona Roja Cdmx. Ciudad de M\u00e9xico, 26 de marzo de 2022.- Un magistrado propuso a&hellip;<\/p>\n","protected":false},"author":2,"featured_media":39208,"comment_status":"closed","ping_status":"open","sticky":false,"template":"","format":"standard","meta":{"_lmt_disableupdate":"","_lmt_disable":"","_jetpack_memberships_contains_paid_content":false,"footnotes":""},"categories":[109,47],"tags":[939],"class_list":["post-39207","post","type-post","status-publish","format-standard","has-post-thumbnail","hentry","category-minuto-a-minuto","category-zona-gris","tag-salomon-jara-cruz"],"jetpack_featured_media_url":"https:\/\/zonaroja.com.mx\/wp-content\/uploads\/2022\/03\/Salomon-Jara-Cruz-en-Baja-California.jpeg","jetpack_sharing_enabled":true,"_links":{"self":[{"href":"https:\/\/zonaroja.com.mx\/index.php?rest_route=\/wp\/v2\/posts\/39207","targetHints":{"allow":["GET"]}}],"collection":[{"href":"https:\/\/zonaroja.com.mx\/index.php?rest_route=\/wp\/v2\/posts"}],"about":[{"href":"https:\/\/zonaroja.com.mx\/index.php?rest_route=\/wp\/v2\/types\/post"}],"author":[{"embeddable":true,"href":"https:\/\/zonaroja.com.mx\/index.php?rest_route=\/wp\/v2\/users\/2"}],"replies":[{"embeddable":true,"href":"https:\/\/zonaroja.com.mx\/index.php?rest_route=%2Fwp%2Fv2%2Fcomments&post=39207"}],"version-history":[{"count":1,"href":"https:\/\/zonaroja.com.mx\/index.php?rest_route=\/wp\/v2\/posts\/39207\/revisions"}],"predecessor-version":[{"id":39209,"href":"https:\/\/zonaroja.com.mx\/index.php?rest_route=\/wp\/v2\/posts\/39207\/revisions\/39209"}],"wp:featuredmedia":[{"embeddable":true,"href":"https:\/\/zonaroja.com.mx\/index.php?rest_route=\/wp\/v2\/media\/39208"}],"wp:attachment":[{"href":"https:\/\/zonaroja.com.mx\/index.php?rest_route=%2Fwp%2Fv2%2Fmedia&parent=39207"}],"wp:term":[{"taxonomy":"category","embeddable":true,"href":"https:\/\/zonaroja.com.mx\/index.php?rest_route=%2Fwp%2Fv2%2Fcategories&post=39207"},{"taxonomy":"post_tag","embeddable":true,"href":"https:\/\/zonaroja.com.mx\/index.php?rest_route=%2Fwp%2Fv2%2Ftags&post=39207"}],"curies":[{"name":"wp","href":"https:\/\/api.w.org\/{rel}","templated":true}]}}