{"id":39213,"date":"2022-03-26T12:36:48","date_gmt":"2022-03-26T18:36:48","guid":{"rendered":"http:\/\/www.zonaroja.com.mx\/?p=39213"},"modified":"2022-03-26T12:36:50","modified_gmt":"2022-03-26T18:36:50","slug":"candidatos-a-la-gubernatura-tendran-dos-debates-en-campana","status":"publish","type":"post","link":"https:\/\/zonaroja.com.mx\/?p=39213","title":{"rendered":"Candidatos a la gubernatura tendr\u00e1n dos debates en campa\u00f1a"},"content":{"rendered":"\n<p>Redacci\u00f3n\/Zona Roja.<\/p>\n\n\n\n<p>Oaxaca de Ju\u00e1rez, Oax., 26 de marzo de 2022.- La Comisi\u00f3n Temporal de Comunicaci\u00f3n aprob\u00f3 el acuerdo por el que se definen las fechas, hora, sede, modalidad y formatos de los dos debates a la gubernatura que el Instituto Estatal Electoral y de Participaci\u00f3n Ciudadana de Oaxaca organizar\u00e1 en el marco del Proceso Electoral Ordinario 2021-2022<\/p>\n\n\n\n<p>En sesi\u00f3n extraordinaria, el presidente y las integrantes de la Comisi\u00f3n, Alejandro Carrasco Sampedro, Nayma Enr\u00edquez Estrada y Jessica Jazibe Hern\u00e1ndez Garc\u00eda, validaron que los debates se lleven a cabo los d\u00edas 24 de abril y 15 de mayo en punto de las 18:00 horas. &nbsp;<\/p>\n\n\n\n<p>As\u00ed mismo se determin\u00f3 que ambos ejercicios democr\u00e1ticos se desarrollen de manera presencial, al interior de las instalaciones de la Corporaci\u00f3n Oaxaque\u00f1a de Radio y Televisi\u00f3n (CORTV) y con formatos din\u00e1micos que han sido titulados \u201cR\u00e9plicas Din\u00e1micas\u201d y \u201cPreguntas Ciudadanas\u201d.<\/p>\n\n\n\n<p>Al respecto, el consejero presidente de la Comisi\u00f3n Temporal, Alejandro Carrasco Sampedro, resalt\u00f3 el avance en la organizaci\u00f3n de los dos debates que por ley el Instituto debe organizar a fin de que la ciudadan\u00eda emita un voto informado en la jornada electoral del pr\u00f3ximo 5 de junio. &nbsp;<\/p>\n\n\n\n<p>Detall\u00f3 que, en esta ocasi\u00f3n, los formatos ser\u00e1n din\u00e1micos e involucrar\u00e1n la participaci\u00f3n ciudadana; adem\u00e1s que se har\u00e1 una gran difusi\u00f3n de los ejercicios con la finalidad de que las oaxaque\u00f1as y oaxaque\u00f1os sintonicen y conozcan las propuestas de quienes encabecen las candidaturas a la gubernatura.<\/p>\n\n\n\n<p>Por su parte, la consejera electoral Nayma Enr\u00edquez Estrada, destac\u00f3 el trabajo realizado por la Comisi\u00f3n en coordinaci\u00f3n con la Unidad T\u00e9cnica de Comunicaci\u00f3n Social, en donde se han tomado en cuenta los aportes de las representaciones de los partidos pol\u00edticos.<\/p>\n\n\n\n<p>Asimismo, puntualiz\u00f3 en la importancia que tienen los ejercicios democr\u00e1ticos para que la ciudadan\u00eda salga mayormente informada a emitir su voto, de ah\u00ed que asegur\u00f3 los trabajos para su organizaci\u00f3n se han realizado de manera diligente y responsable. &nbsp;<\/p>\n\n\n\n<p>Durante la sesi\u00f3n de este viernes estuvieron presentes la consejera presidenta del IEEPCO, Elizabeth S\u00e1nchez Gonz\u00e1lez, as\u00ed como las consejeras electorales Carmelita Sibaja Ochoa y Zaira Hip\u00f3lito L\u00f3pez; y el consejero, Wilfrido Lulio Almaraz Santib\u00e1\u00f1ez, as\u00ed como representaciones de los partidos pol\u00edticos.<\/p>\n","protected":false},"excerpt":{"rendered":"<p>Redacci\u00f3n\/Zona Roja. Oaxaca de Ju\u00e1rez, Oax., 26 de marzo de 2022.- La Comisi\u00f3n Temporal de&hellip;<\/p>\n","protected":false},"author":2,"featured_media":17563,"comment_status":"closed","ping_status":"open","sticky":false,"template":"","format":"standard","meta":{"_lmt_disableupdate":"","_lmt_disable":"","_jetpack_memberships_contains_paid_content":false,"footnotes":""},"categories":[109,46],"tags":[2932],"class_list":["post-39213","post","type-post","status-publish","format-standard","has-post-thumbnail","hentry","category-minuto-a-minuto","category-zona-blanca","tag-instituto-estatal-electoral-y-de-participacion-ciudadana-de-oaxaca-ieepco"],"jetpack_featured_media_url":"https:\/\/zonaroja.com.mx\/wp-content\/uploads\/2020\/09\/Instituto-Estatal-Electoral-IEEPCO.jpg","jetpack_sharing_enabled":true,"_links":{"self":[{"href":"https:\/\/zonaroja.com.mx\/index.php?rest_route=\/wp\/v2\/posts\/39213","targetHints":{"allow":["GET"]}}],"collection":[{"href":"https:\/\/zonaroja.com.mx\/index.php?rest_route=\/wp\/v2\/posts"}],"about":[{"href":"https:\/\/zonaroja.com.mx\/index.php?rest_route=\/wp\/v2\/types\/post"}],"author":[{"embeddable":true,"href":"https:\/\/zonaroja.com.mx\/index.php?rest_route=\/wp\/v2\/users\/2"}],"replies":[{"embeddable":true,"href":"https:\/\/zonaroja.com.mx\/index.php?rest_route=%2Fwp%2Fv2%2Fcomments&post=39213"}],"version-history":[{"count":1,"href":"https:\/\/zonaroja.com.mx\/index.php?rest_route=\/wp\/v2\/posts\/39213\/revisions"}],"predecessor-version":[{"id":39214,"href":"https:\/\/zonaroja.com.mx\/index.php?rest_route=\/wp\/v2\/posts\/39213\/revisions\/39214"}],"wp:featuredmedia":[{"embeddable":true,"href":"https:\/\/zonaroja.com.mx\/index.php?rest_route=\/wp\/v2\/media\/17563"}],"wp:attachment":[{"href":"https:\/\/zonaroja.com.mx\/index.php?rest_route=%2Fwp%2Fv2%2Fmedia&parent=39213"}],"wp:term":[{"taxonomy":"category","embeddable":true,"href":"https:\/\/zonaroja.com.mx\/index.php?rest_route=%2Fwp%2Fv2%2Fcategories&post=39213"},{"taxonomy":"post_tag","embeddable":true,"href":"https:\/\/zonaroja.com.mx\/index.php?rest_route=%2Fwp%2Fv2%2Ftags&post=39213"}],"curies":[{"name":"wp","href":"https:\/\/api.w.org\/{rel}","templated":true}]}}