{"id":39215,"date":"2022-03-26T12:50:53","date_gmt":"2022-03-26T18:50:53","guid":{"rendered":"http:\/\/www.zonaroja.com.mx\/?p=39215"},"modified":"2022-03-26T12:50:54","modified_gmt":"2022-03-26T18:50:54","slug":"refuta-amlo-a-ricardo-monreal-sobre-reforma-electrica","status":"publish","type":"post","link":"https:\/\/zonaroja.com.mx\/?p=39215","title":{"rendered":"Refuta AMLO a Ricardo Monreal sobre reforma el\u00e9ctrica"},"content":{"rendered":"\n<p>Redacci\u00f3n\/Zona Roja Cdmx.<\/p>\n\n\n\n<p>Ciudad de M\u00e9xico, 26 de marzo de 2022.- El presidente Andr\u00e9s Manuel L\u00f3pez Obrador asegur\u00f3 que el l\u00edder parlamentario de Morena en el Senado de la Rep\u00fablica, Ricardo Monreal, est\u00e1 desinformado; esto luego de que advirti\u00f3 que de ser aprobada la reforma el\u00e9ctrica provocar\u00eda p\u00e9rdidas de miles de millones de d\u00f3lares.<\/p>\n\n\n\n<p>Al ser cuestionado sobre la postura de Monreal \u00c1vila, AMLO revir\u00f3: \u201cEst\u00e1 desinformado porque no hay p\u00e9rdidas, al contrario, gana el pueblo de M\u00e9xico, y cualquier diputado, cualquier legislador deber\u00eda estar pensando en lo que le conviene al pueblo\u201d.&nbsp;<\/p>\n\n\n\n<p>Sostuvo que \u201cel \u00fanico amo que tiene un servidor p\u00fablico es el pueblo, nada m\u00e1s, los \u00fanicos negocios que deben importar a los funcionarios son los p\u00fablicos\u201d; lo que acentuar\u00eda a\u00fan m\u00e1s el notorio distanciamiento con el coordinador de Morena.<\/p>\n\n\n\n<p>Esto ocurre, luego de que Monreal fue cuestionado sobre el acelerador de Morena para llevar al pleno de la C\u00e1mara de Diputados la reforma el\u00e9ctrica y sea enviado al Senado para su aval.&nbsp;<\/p>\n\n\n\n<p>Ah\u00ed, Monreal sostuvo que de ser aprobada la iniciativa de reforma como est\u00e1 hay un riesgo de p\u00e9rdidas millonarias: \u201cSon muchos miles de millones de d\u00f3lares los que estar\u00edamos en riesgo de estar pagando si se aprobara en esos t\u00e9rminos actuales\u201d.<\/p>\n\n\n\n<p>(Informaci\u00f3n de \u201cPol\u00edtico Mx\u201d)<\/p>\n","protected":false},"excerpt":{"rendered":"<p>Redacci\u00f3n\/Zona Roja Cdmx. Ciudad de M\u00e9xico, 26 de marzo de 2022.- El presidente Andr\u00e9s Manuel&hellip;<\/p>\n","protected":false},"author":2,"featured_media":39216,"comment_status":"closed","ping_status":"open","sticky":false,"template":"","format":"standard","meta":{"_lmt_disableupdate":"","_lmt_disable":"","_jetpack_memberships_contains_paid_content":false,"footnotes":""},"categories":[109,47],"tags":[143],"class_list":["post-39215","post","type-post","status-publish","format-standard","has-post-thumbnail","hentry","category-minuto-a-minuto","category-zona-gris","tag-andres-manuel-lopez-obrador"],"jetpack_featured_media_url":"https:\/\/zonaroja.com.mx\/wp-content\/uploads\/2022\/03\/Lopez-Obrador-y-Monreal.jpg","jetpack_sharing_enabled":true,"_links":{"self":[{"href":"https:\/\/zonaroja.com.mx\/index.php?rest_route=\/wp\/v2\/posts\/39215","targetHints":{"allow":["GET"]}}],"collection":[{"href":"https:\/\/zonaroja.com.mx\/index.php?rest_route=\/wp\/v2\/posts"}],"about":[{"href":"https:\/\/zonaroja.com.mx\/index.php?rest_route=\/wp\/v2\/types\/post"}],"author":[{"embeddable":true,"href":"https:\/\/zonaroja.com.mx\/index.php?rest_route=\/wp\/v2\/users\/2"}],"replies":[{"embeddable":true,"href":"https:\/\/zonaroja.com.mx\/index.php?rest_route=%2Fwp%2Fv2%2Fcomments&post=39215"}],"version-history":[{"count":1,"href":"https:\/\/zonaroja.com.mx\/index.php?rest_route=\/wp\/v2\/posts\/39215\/revisions"}],"predecessor-version":[{"id":39217,"href":"https:\/\/zonaroja.com.mx\/index.php?rest_route=\/wp\/v2\/posts\/39215\/revisions\/39217"}],"wp:featuredmedia":[{"embeddable":true,"href":"https:\/\/zonaroja.com.mx\/index.php?rest_route=\/wp\/v2\/media\/39216"}],"wp:attachment":[{"href":"https:\/\/zonaroja.com.mx\/index.php?rest_route=%2Fwp%2Fv2%2Fmedia&parent=39215"}],"wp:term":[{"taxonomy":"category","embeddable":true,"href":"https:\/\/zonaroja.com.mx\/index.php?rest_route=%2Fwp%2Fv2%2Fcategories&post=39215"},{"taxonomy":"post_tag","embeddable":true,"href":"https:\/\/zonaroja.com.mx\/index.php?rest_route=%2Fwp%2Fv2%2Ftags&post=39215"}],"curies":[{"name":"wp","href":"https:\/\/api.w.org\/{rel}","templated":true}]}}