{"id":39234,"date":"2022-03-27T09:00:00","date_gmt":"2022-03-27T15:00:00","guid":{"rendered":"http:\/\/www.zonaroja.com.mx\/?p=39234"},"modified":"2022-03-26T20:38:26","modified_gmt":"2022-03-27T02:38:26","slug":"promueven-ddhpo-poder-judicial-y-uabjo-seminario-de-atencion-a-ninas-ninos-y-adolescentes","status":"publish","type":"post","link":"https:\/\/zonaroja.com.mx\/?p=39234","title":{"rendered":"Promueven DDHPO, Poder Judicial y UABJO Seminario de atenci\u00f3n a ni\u00f1as, ni\u00f1os y adolescentes"},"content":{"rendered":"\n<p>Redacci\u00f3n\/Zona Roja.<\/p>\n\n\n\n<p>Oaxaca de Ju\u00e1rez, Oax., 27 de marzo de 2022.-&nbsp;La Defensor\u00eda de los Derechos Humanos del Pueblo de Oaxaca (DDHPO), en coordinaci\u00f3n con la Universidad Aut\u00f3noma Benito Ju\u00e1rez de Oaxaca (UABJO) y el Tribunal Superior de Justicia y del Consejo de la Judicatura del Poder Judicial del Estado de Oaxaca, inauguraron el Seminario \u201cAcompa\u00f1amiento y Atenci\u00f3n a Ni\u00f1as, Ni\u00f1os y Adolescentes en Procesos de Justicia\u201d.<\/p>\n\n\n\n<p>Al poner en marcha el proceso de formaci\u00f3n en el auditorio \u201cJos\u00e9 Mujica Cordano\u201d de la DDHPO, el ombudsperson Bernardo Rodr\u00edguez Alamilla resalt\u00f3 la importancia de contar con este tipo de actividades acad\u00e9micas que permiten brindar una atenci\u00f3n integral a ni\u00f1as, ni\u00f1os y adolescentes.<\/p>\n\n\n\n<p>Detall\u00f3 que, el Seminario, busca dotar de herramientas te\u00f3ricas y pr\u00e1cticas al personal de la DDHPO, servidoras y servidores p\u00fablicos de la Procuradur\u00eda Estatal de Protecci\u00f3n de los Derechos de Ni\u00f1as, Ni\u00f1os y Adolescentes del Estado Oaxaca (Prodennao), Fiscal\u00eda General del Estado de Oaxaca y del Poder Judicial, que atienden procesos en los que est\u00e1n involucrados ni\u00f1as, ni\u00f1os y adolescentes.<\/p>\n\n\n\n<p>Ante la directora de Derechos Humanos del Consejo de la Judicatura del Poder Judicial del Estado, Nidia Soledad Mart\u00ednez Esteva; la encargada de la Defensor\u00eda de los Derechos Universitarios de la UABJO, Violeta Monserrat Alc\u00e1ntara Ram\u00edrez, el defensor Bernardo Rodr\u00edguez Alamilla indic\u00f3 que el proceso formativo brindar\u00e1 herramientas a servidores p\u00fablicos.<\/p>\n\n\n\n<p>Acompa\u00f1ado tambi\u00e9n por la coordinadora del grupo de Atenci\u00f3n a la Infancia en Procesos de Justicia A.C., Anal\u00eda Casta\u00f1er y la integrante de la oficina de Defensor\u00eda de Derechos de la Infancia A.C., Mariana Gil Bartomeu; Rodr\u00edguez Alamilla indic\u00f3 que una de las formas de brindar un servicio oportuno, eficiente e integral es mediante el estudio de casos y las diferentes metodolog\u00edas, para, a partir de ah\u00ed, generar mejores conocimientos y herramientas.<\/p>\n\n\n\n<p>Durante su participaci\u00f3n, la directora de Derechos Humanos del Consejo de la Judicatura del Poder Judicial del Estado, Nidia Soledad Mart\u00ednez Esteva destac\u00f3 el trabajo interinstitucional para la realizaci\u00f3n de este Seminario, sobre todo en un tema tan importante como lo es, los derechos de ni\u00f1as, ni\u00f1os y adolescentes.<\/p>\n\n\n\n<p>Por su parte, la encargada de la Defensor\u00eda de los Derechos Universitarios de la UABJO, Violeta Monserrat Alc\u00e1ntara Ram\u00edrez indic\u00f3 que, para la m\u00e1xima casa de estudios, es de suma importancia la construcci\u00f3n de acciones que lleven a las ni\u00f1as, ni\u00f1os y adolescentes a garantizar el cumplimiento de sus derechos humanos.<\/p>\n\n\n\n<p>Cabe destacar que este proceso formativo fue impartido por especialistas para la Atenci\u00f3n a la Infancia en Procesos de Justicia Asociaci\u00f3n Civil y de la Oficina de Defensor\u00eda de los Derechos de la Infancia, los d\u00edas 24 y 25 de marzo; y contempl\u00f3 ejes tem\u00e1ticos que van desde el enfoque de derechos de ni\u00f1ez y adolescencia, protocolos de actuaci\u00f3n para la defensa de los derechos humanos de la ni\u00f1ez, protocolos en la pr\u00e1ctica y herramientas para el abordaje en temas de abuso sexual infantil.<\/p>\n","protected":false},"excerpt":{"rendered":"<p>Redacci\u00f3n\/Zona Roja. Oaxaca de Ju\u00e1rez, Oax., 27 de marzo de 2022.-&nbsp;La Defensor\u00eda de los Derechos&hellip;<\/p>\n","protected":false},"author":2,"featured_media":39236,"comment_status":"closed","ping_status":"open","sticky":false,"template":"","format":"standard","meta":{"_lmt_disableupdate":"","_lmt_disable":"","_jetpack_memberships_contains_paid_content":false,"footnotes":""},"categories":[109,46],"tags":[287],"class_list":["post-39234","post","type-post","status-publish","format-standard","has-post-thumbnail","hentry","category-minuto-a-minuto","category-zona-blanca","tag-ddhpo"],"jetpack_featured_media_url":"https:\/\/zonaroja.com.mx\/wp-content\/uploads\/2022\/03\/Seminario-DDHPO.jpg","jetpack_sharing_enabled":true,"_links":{"self":[{"href":"https:\/\/zonaroja.com.mx\/index.php?rest_route=\/wp\/v2\/posts\/39234","targetHints":{"allow":["GET"]}}],"collection":[{"href":"https:\/\/zonaroja.com.mx\/index.php?rest_route=\/wp\/v2\/posts"}],"about":[{"href":"https:\/\/zonaroja.com.mx\/index.php?rest_route=\/wp\/v2\/types\/post"}],"author":[{"embeddable":true,"href":"https:\/\/zonaroja.com.mx\/index.php?rest_route=\/wp\/v2\/users\/2"}],"replies":[{"embeddable":true,"href":"https:\/\/zonaroja.com.mx\/index.php?rest_route=%2Fwp%2Fv2%2Fcomments&post=39234"}],"version-history":[{"count":1,"href":"https:\/\/zonaroja.com.mx\/index.php?rest_route=\/wp\/v2\/posts\/39234\/revisions"}],"predecessor-version":[{"id":39237,"href":"https:\/\/zonaroja.com.mx\/index.php?rest_route=\/wp\/v2\/posts\/39234\/revisions\/39237"}],"wp:featuredmedia":[{"embeddable":true,"href":"https:\/\/zonaroja.com.mx\/index.php?rest_route=\/wp\/v2\/media\/39236"}],"wp:attachment":[{"href":"https:\/\/zonaroja.com.mx\/index.php?rest_route=%2Fwp%2Fv2%2Fmedia&parent=39234"}],"wp:term":[{"taxonomy":"category","embeddable":true,"href":"https:\/\/zonaroja.com.mx\/index.php?rest_route=%2Fwp%2Fv2%2Fcategories&post=39234"},{"taxonomy":"post_tag","embeddable":true,"href":"https:\/\/zonaroja.com.mx\/index.php?rest_route=%2Fwp%2Fv2%2Ftags&post=39234"}],"curies":[{"name":"wp","href":"https:\/\/api.w.org\/{rel}","templated":true}]}}