{"id":39238,"date":"2022-03-27T11:40:00","date_gmt":"2022-03-27T17:40:00","guid":{"rendered":"http:\/\/www.zonaroja.com.mx\/?p=39238"},"modified":"2022-03-26T20:44:12","modified_gmt":"2022-03-27T02:44:12","slug":"publica-diario-oficial-resolucion-de-la-scjn-sobre-caso-chimalapas","status":"publish","type":"post","link":"https:\/\/zonaroja.com.mx\/?p=39238","title":{"rendered":"Publica Diario Oficial resoluci\u00f3n de la SCJN sobre caso Chimalapas"},"content":{"rendered":"\n<p>Yuridiana Sosa\/Zona Roja<\/p>\n\n\n\n<p>Oaxaca de Ju\u00e1rez, Oax., 27 de marzo de 2022.-La decisi\u00f3n del Pleno de la Suprema Corte de Justicia de la Naci\u00f3n (SCJN) sobre la controversia Constitucional 121\/2012, a favor de Oaxaca, qued\u00f3 publicada este viernes en el Diario Oficial de la Federaci\u00f3n, donde se da cuenta de las m\u00faltiples pruebas documentales y cartogr\u00e1ficas que fueron presentadas y estudiadas.<\/p>\n\n\n\n<p>\u201cEs procedente y fundada la controversia de l\u00edmites territoriales promovida por el estado de Oaxaca y la reconvenci\u00f3n formulada por el estado de Chiapas\u201d, dicta el primero de los puntos de esta resoluci\u00f3n aprobada por unanimidad de votos.<\/p>\n\n\n\n<p>Sobre la l\u00ednea lim\u00edtrofe, estableci\u00f3 que \u00e9sta debe partir \u201cde sur a norte e iniciar\u00e1 en la Barra de Tonal\u00e1 a los 16\u00b0 de latitud norte, en direcci\u00f3n noroeste hasta el Cerro del Chilillo, de ah\u00ed con direcci\u00f3n noroeste hasta el Cerro de la Jineta y de ah\u00ed con rumbo noreste hasta el Cerro de los Mart\u00ednez, de conformidad con las coordenadas identificadas para estos rasgos geogr\u00e1ficos que se se\u00f1alan en el considerando octavo de la presente resoluci\u00f3n.\u201d<\/p>\n\n\n\n<p>Para los efectos de esta delimitaci\u00f3n, las magistrados y magistradas decidieron que la declaratoria de l\u00edmites territoriales reconocida en esta sentencia deber\u00e1 ser instrumentada dentro de los 30 meses siguientes a la notificaci\u00f3n de estos puntos resolutivos a los Congresos de los Estados de Oaxaca y Chiapas, ambos Congresos deber\u00e1n legislar en los t\u00e9rminos que se indica en el punto primero del considerando noveno de esta resoluci\u00f3n.<\/p>\n\n\n\n<p>Adem\u00e1s, ambos estados, en conjunto con la Federaci\u00f3n deber\u00e1n establecer, dentro de los 12 meses siguientes a la notificaci\u00f3n de los puntos resolutivos de esta resoluci\u00f3n a los Congresos de esas entidades federativas, los mecanismos de coordinaci\u00f3n y programas.<\/p>\n\n\n\n<p>En ese sentido, se definir\u00e1 la prestaci\u00f3n de los servicios p\u00fablicos comunes a la poblaci\u00f3n habitante en su frontera, de manera que no queden desprovistos de ellos, con fundamento en la Ley General de Asentamientos Humanos, Ordenamiento Territorial y Desarrollo Urbano, entre otras leyes y derechos que deben ser cubiertos.<\/p>\n\n\n\n<p>Durante el proceso de an\u00e1lisis de esta controversia qued\u00f3 definido que los peritos de los estados de Oaxaca y Chiapas, as\u00ed como la perita oficial, ubican al pol\u00edgono del municipio de Belisario Dom\u00ednguez en los l\u00edmites que corren entre el Cerro de la Gineta y el Cerro de los Mart\u00ednez, pero en territorio oaxaque\u00f1o.<\/p>\n\n\n\n<p>As\u00ed tambi\u00e9n, conforme a las pruebas en geograf\u00eda y cartograf\u00eda \u201cse considera que la creaci\u00f3n del municipio de Belisario Dom\u00ednguez genera un traslape en el territorio del Estado de Oaxaca, en virtud de que su conformaci\u00f3n y delimitaci\u00f3n se proyect\u00f3 en un espacio geogr\u00e1fico que no corresponde al del diverso Estado de Chiapas, de conformidad con la l\u00ednea lim\u00edtrofe que rige entre ambos estados reconocida por esta Suprema Corte\u201d.&nbsp;<\/p>\n","protected":false},"excerpt":{"rendered":"<p>Yuridiana Sosa\/Zona Roja Oaxaca de Ju\u00e1rez, Oax., 27 de marzo de 2022.-La decisi\u00f3n del Pleno&hellip;<\/p>\n","protected":false},"author":2,"featured_media":34063,"comment_status":"closed","ping_status":"open","sticky":false,"template":"","format":"standard","meta":{"_lmt_disableupdate":"","_lmt_disable":"","_jetpack_memberships_contains_paid_content":false,"footnotes":""},"categories":[109,46],"tags":[2949],"class_list":["post-39238","post","type-post","status-publish","format-standard","has-post-thumbnail","hentry","category-minuto-a-minuto","category-zona-blanca","tag-controversia-constitucional-chimalapas"],"jetpack_featured_media_url":"https:\/\/zonaroja.com.mx\/wp-content\/uploads\/2021\/11\/Chimalapas-2.jpg","jetpack_sharing_enabled":true,"_links":{"self":[{"href":"https:\/\/zonaroja.com.mx\/index.php?rest_route=\/wp\/v2\/posts\/39238","targetHints":{"allow":["GET"]}}],"collection":[{"href":"https:\/\/zonaroja.com.mx\/index.php?rest_route=\/wp\/v2\/posts"}],"about":[{"href":"https:\/\/zonaroja.com.mx\/index.php?rest_route=\/wp\/v2\/types\/post"}],"author":[{"embeddable":true,"href":"https:\/\/zonaroja.com.mx\/index.php?rest_route=\/wp\/v2\/users\/2"}],"replies":[{"embeddable":true,"href":"https:\/\/zonaroja.com.mx\/index.php?rest_route=%2Fwp%2Fv2%2Fcomments&post=39238"}],"version-history":[{"count":1,"href":"https:\/\/zonaroja.com.mx\/index.php?rest_route=\/wp\/v2\/posts\/39238\/revisions"}],"predecessor-version":[{"id":39239,"href":"https:\/\/zonaroja.com.mx\/index.php?rest_route=\/wp\/v2\/posts\/39238\/revisions\/39239"}],"wp:featuredmedia":[{"embeddable":true,"href":"https:\/\/zonaroja.com.mx\/index.php?rest_route=\/wp\/v2\/media\/34063"}],"wp:attachment":[{"href":"https:\/\/zonaroja.com.mx\/index.php?rest_route=%2Fwp%2Fv2%2Fmedia&parent=39238"}],"wp:term":[{"taxonomy":"category","embeddable":true,"href":"https:\/\/zonaroja.com.mx\/index.php?rest_route=%2Fwp%2Fv2%2Fcategories&post=39238"},{"taxonomy":"post_tag","embeddable":true,"href":"https:\/\/zonaroja.com.mx\/index.php?rest_route=%2Fwp%2Fv2%2Ftags&post=39238"}],"curies":[{"name":"wp","href":"https:\/\/api.w.org\/{rel}","templated":true}]}}