{"id":39244,"date":"2022-03-27T11:42:00","date_gmt":"2022-03-27T17:42:00","guid":{"rendered":"http:\/\/www.zonaroja.com.mx\/?p=39244"},"modified":"2022-03-27T06:45:25","modified_gmt":"2022-03-27T12:45:25","slug":"dona-la-uabjo-libros-a-la-sspo-para-personas-privadas-de-su-libertad","status":"publish","type":"post","link":"https:\/\/zonaroja.com.mx\/?p=39244","title":{"rendered":"Dona la UABJO libros a la SSPO para personas privadas de su libertad"},"content":{"rendered":"\n<p>Redacci\u00f3n\/Zona Roja.<\/p>\n\n\n\n<p>Oaxaca de Ju\u00e1rez, Oax., 27 de marzo de 2022.- La Secretar\u00eda de Seguridad P\u00fablica de Oaxaca (SSPO) recibi\u00f3 por parte de la Universidad Aut\u00f3noma \u201cBenito Ju\u00e1rez\u201d de Oaxaca (UABJO) una donaci\u00f3n de 250 ejemplares, entre libros, revistas y art\u00edculos, los cuales se sumar\u00e1n al acervo bibliogr\u00e1fico para los 10 centros penitenciarios de la entidad.<\/p>\n\n\n\n<p>A trav\u00e9s de un acto protocolario, la titular de la SSPO, Dalia Ba\u00f1os Noyola reconoci\u00f3 la labor social del rector de la UABJO, Eduardo Bautista Mart\u00ednez y de la comunidad universitaria.<\/p>\n\n\n\n<p>Se comprometi\u00f3 a seguir gestionando acuerdos interinstitucionales en favor de la educaci\u00f3n de las personas privadas de la libertad, para que de esta forma, se d\u00e9 cumplimiento con los principales ejes de reinserci\u00f3n social.<\/p>\n\n\n\n<p>Dalia Ba\u00f1os, acompa\u00f1ada del subsecretario de Prevenci\u00f3n y Reinserci\u00f3n Social, Jacobo Olaf Rodr\u00edguez Garc\u00eda, explic\u00f3 que los libros son una herramienta fundamental de educaci\u00f3n para las personas privadas de la libertad, para que, al concluir su proceso legal, retribuyan y contribuyan a la sociedad, con trabajo conocimiento y honradez.<\/p>\n\n\n\n<p>\u201cPersonalmente me complace que los libros sean una herramienta para el comienzo de una nueva vida para las personas privadas de la libertad y sean tambi\u00e9n una ventana hacia nuevas libertades\u201d expuso la funcionaria durante el evento celebrado en las instalaciones del Centro de Control, Comando y Comunicaci\u00f3n (C4).<\/p>\n\n\n\n<figure class=\"wp-block-embed is-type-rich is-provider-twitter wp-block-embed-twitter\"><div class=\"wp-block-embed__wrapper\">\n<div class=\"twitter-tweet\"><blockquote class=\"twitter-tweet\" data-lang=\"es\"><p lang=\"es\" dir=\"ltr\">El rector de la <a href=\"https:\/\/twitter.com\/UABJO?ref_src=twsrc%5Etfw\">@UABJO<\/a>, <a href=\"https:\/\/twitter.com\/Bautistaeduardo?ref_src=twsrc%5Etfw\">@Bautistaeduardo<\/a>, entreg\u00f3 en donaci\u00f3n a la titular de la Secretar\u00eda de Seguridad P\u00fablica de Oaxaca (<a href=\"https:\/\/twitter.com\/SSP_GobOax?ref_src=twsrc%5Etfw\">@SSP_GobOax<\/a>), <a href=\"https:\/\/twitter.com\/DaliaBnoyola?ref_src=twsrc%5Etfw\">@DaliaBnoyola<\/a>, un total de 250 libros, que ser\u00e1n destinados para internos de centros penitenciarios de la entidad. <a href=\"https:\/\/t.co\/CSY4rpej2u\">pic.twitter.com\/CSY4rpej2u<\/a><\/p>&mdash; Zona Roja Oaxaca (@ZonaRoja_Oaxaca) <a href=\"https:\/\/twitter.com\/ZonaRoja_Oaxaca\/status\/1507789702551818243?ref_src=twsrc%5Etfw\">26 de marzo de 2022<\/a><\/blockquote><\/div>\n<\/div><\/figure>\n","protected":false},"excerpt":{"rendered":"<p>Redacci\u00f3n\/Zona Roja. Oaxaca de Ju\u00e1rez, Oax., 27 de marzo de 2022.- La Secretar\u00eda de Seguridad&hellip;<\/p>\n","protected":false},"author":2,"featured_media":39245,"comment_status":"closed","ping_status":"open","sticky":false,"template":"","format":"standard","meta":{"_lmt_disableupdate":"","_lmt_disable":"","_jetpack_memberships_contains_paid_content":false,"footnotes":""},"categories":[109,46],"tags":[360,1421],"class_list":["post-39244","post","type-post","status-publish","format-standard","has-post-thumbnail","hentry","category-minuto-a-minuto","category-zona-blanca","tag-rector-eduardo-bautista-martinez","tag-secretaria-de-seguridad-publica-de-oaxaca-sspo"],"jetpack_featured_media_url":"https:\/\/zonaroja.com.mx\/wp-content\/uploads\/2022\/03\/Rector-Eduardo-Bautista-y-Dalia-Banos.jpeg","jetpack_sharing_enabled":true,"_links":{"self":[{"href":"https:\/\/zonaroja.com.mx\/index.php?rest_route=\/wp\/v2\/posts\/39244","targetHints":{"allow":["GET"]}}],"collection":[{"href":"https:\/\/zonaroja.com.mx\/index.php?rest_route=\/wp\/v2\/posts"}],"about":[{"href":"https:\/\/zonaroja.com.mx\/index.php?rest_route=\/wp\/v2\/types\/post"}],"author":[{"embeddable":true,"href":"https:\/\/zonaroja.com.mx\/index.php?rest_route=\/wp\/v2\/users\/2"}],"replies":[{"embeddable":true,"href":"https:\/\/zonaroja.com.mx\/index.php?rest_route=%2Fwp%2Fv2%2Fcomments&post=39244"}],"version-history":[{"count":1,"href":"https:\/\/zonaroja.com.mx\/index.php?rest_route=\/wp\/v2\/posts\/39244\/revisions"}],"predecessor-version":[{"id":39246,"href":"https:\/\/zonaroja.com.mx\/index.php?rest_route=\/wp\/v2\/posts\/39244\/revisions\/39246"}],"wp:featuredmedia":[{"embeddable":true,"href":"https:\/\/zonaroja.com.mx\/index.php?rest_route=\/wp\/v2\/media\/39245"}],"wp:attachment":[{"href":"https:\/\/zonaroja.com.mx\/index.php?rest_route=%2Fwp%2Fv2%2Fmedia&parent=39244"}],"wp:term":[{"taxonomy":"category","embeddable":true,"href":"https:\/\/zonaroja.com.mx\/index.php?rest_route=%2Fwp%2Fv2%2Fcategories&post=39244"},{"taxonomy":"post_tag","embeddable":true,"href":"https:\/\/zonaroja.com.mx\/index.php?rest_route=%2Fwp%2Fv2%2Ftags&post=39244"}],"curies":[{"name":"wp","href":"https:\/\/api.w.org\/{rel}","templated":true}]}}