{"id":39247,"date":"2022-03-27T06:50:52","date_gmt":"2022-03-27T12:50:52","guid":{"rendered":"http:\/\/www.zonaroja.com.mx\/?p=39247"},"modified":"2022-03-27T06:50:53","modified_gmt":"2022-03-27T12:50:53","slug":"suman-102-defensores-de-derechos-asesinados-en-el-gobierno-de-amlo","status":"publish","type":"post","link":"https:\/\/zonaroja.com.mx\/?p=39247","title":{"rendered":"Suman 102 defensores de derechos asesinados en el gobierno de AMLO"},"content":{"rendered":"\n<p>Redacci\u00f3n\/Estado 20.<\/p>\n\n\n\n<p>Oaxaca de Ju\u00e1rez, Oax., 27 de marzo de 2022.- Desde el inicio del gobierno del Presidente de la Rep\u00fablica, Andr\u00e9s Manuel L\u00f3pez Obrador, por lo menos 102 personas defensoras han sido asesinadas, seg\u00fan el seguimiento realizado por la organizaci\u00f3n Servicios para una Educaci\u00f3n Alterantiva (Educa).<\/p>\n\n\n\n<p>El caso m\u00e1s reciente es el asesinato de la abogada y defensora de comunidades ind\u00edgenas Patricia Susana Rivera Reyes en su domicilio en Tijuana, Baja California, crimen que se cometi\u00f3 el 19 de marzo de 2022.<\/p>\n\n\n\n<p>Seg\u00fan el conteo de Educa, Patricia Susana Rivera Reyes es la quinta persona defensora asesinada durante este a\u00f1o.&nbsp;<\/p>\n\n\n\n<p>El 22 de enero de 2022 fue asesinada Ximena Garc\u00eda, activista de la comunidad LGBT+ e integrante de la Secretar\u00eda Nacional de la Diversidad Sexual de Morena, este crimen fue cometido en Azcapotzalco, Ciudad de M\u00e9xico, como denunciaron activistas de Morena.<\/p>\n\n\n\n<p>El 27 de enero de 2022, asesinaron a Ana Luisa Gardu\u00f1o Ju\u00e1rez, activista en b\u00fasqueda de justicia por el feminicidio de su hija, menor de edad, Ana Karen Huicochea, esto en Temixco, Morelos, alertaron IM-Defensoras.<\/p>\n\n\n\n<p>Y el 11 de febrero de 2022, Francisco V\u00e1zquez, defensor del agua en el oriente de Morelos e integrante del Consejo de vigilancia de la Asociaci\u00f3n de del R\u00edo Cuautla (ASURCO), fue asesinado en Ayala, Morelos, esto despu\u00e9s de haber denunciado amenazas, alertaron los Ejidos en Defensa del Agua de Ayala.<\/p>\n\n\n\n<p>La semana pasada, el Alto Comisionado de la ONU para los Derechos Humanos conden\u00f3 el asesinato del defensor comunitario Jos\u00e9 Trinidad Baldenegro, perpetrado el 7 de marzo, y critic\u00f3 la extendida impunidad\u201c en los casos de violencia en el pa\u00eds.<\/p>\n\n\n\n<p>El ind\u00edgena rar\u00e1muri Jos\u00e9 Trinidad Baldenegro fue atacado en Coloradas de la Virgen por hombres armados, quienes adem\u00e1s quemaron su vivienda y su veh\u00edculo.<\/p>\n\n\n\n<p>De acuerdo con el registro realizado por esta organizaci\u00f3n, estos datos corresponden a activistas reivindicados por una organizaci\u00f3n social o de derechos humanos. El Estado de Oaxaca lidera la triste lista, con 22 defensores asesinados.<\/p>\n\n\n\n<p>El colectivo mexicano Madres Buscadoras de M\u00e9xico denunci\u00f3 recientemente que Ang\u00e9lica Janet Armenta Quintero, buscadora de su hijo desaparecido, ha sido reportada como desaparecida, esto en Cajeme, Sonora, desde el 10 de marzo.<\/p>\n\n\n\n<p>Adem\u00e1s, el 26 de marzo se cumpli\u00f3 un a\u00f1o de la desaparici\u00f3n forzada de las defensoras Claudia Uruchurtu en Nochixtl\u00e1n, Oaxaca, y de Grisell P\u00e9rez Rivera, en el Estado de M\u00e9xico.<\/p>\n","protected":false},"excerpt":{"rendered":"<p>Redacci\u00f3n\/Estado 20. Oaxaca de Ju\u00e1rez, Oax., 27 de marzo de 2022.- Desde el inicio del&hellip;<\/p>\n","protected":false},"author":2,"featured_media":39248,"comment_status":"closed","ping_status":"open","sticky":false,"template":"","format":"standard","meta":{"_lmt_disableupdate":"","_lmt_disable":"","_jetpack_memberships_contains_paid_content":false,"footnotes":""},"categories":[109,47],"tags":[2275],"class_list":["post-39247","post","type-post","status-publish","format-standard","has-post-thumbnail","hentry","category-minuto-a-minuto","category-zona-gris","tag-servicios-para-una-educacion-alternativa-a-c-educa"],"jetpack_featured_media_url":"https:\/\/zonaroja.com.mx\/wp-content\/uploads\/2022\/03\/Defensores-asesinados-en-Mexico.jpg","jetpack_sharing_enabled":true,"_links":{"self":[{"href":"https:\/\/zonaroja.com.mx\/index.php?rest_route=\/wp\/v2\/posts\/39247","targetHints":{"allow":["GET"]}}],"collection":[{"href":"https:\/\/zonaroja.com.mx\/index.php?rest_route=\/wp\/v2\/posts"}],"about":[{"href":"https:\/\/zonaroja.com.mx\/index.php?rest_route=\/wp\/v2\/types\/post"}],"author":[{"embeddable":true,"href":"https:\/\/zonaroja.com.mx\/index.php?rest_route=\/wp\/v2\/users\/2"}],"replies":[{"embeddable":true,"href":"https:\/\/zonaroja.com.mx\/index.php?rest_route=%2Fwp%2Fv2%2Fcomments&post=39247"}],"version-history":[{"count":1,"href":"https:\/\/zonaroja.com.mx\/index.php?rest_route=\/wp\/v2\/posts\/39247\/revisions"}],"predecessor-version":[{"id":39249,"href":"https:\/\/zonaroja.com.mx\/index.php?rest_route=\/wp\/v2\/posts\/39247\/revisions\/39249"}],"wp:featuredmedia":[{"embeddable":true,"href":"https:\/\/zonaroja.com.mx\/index.php?rest_route=\/wp\/v2\/media\/39248"}],"wp:attachment":[{"href":"https:\/\/zonaroja.com.mx\/index.php?rest_route=%2Fwp%2Fv2%2Fmedia&parent=39247"}],"wp:term":[{"taxonomy":"category","embeddable":true,"href":"https:\/\/zonaroja.com.mx\/index.php?rest_route=%2Fwp%2Fv2%2Fcategories&post=39247"},{"taxonomy":"post_tag","embeddable":true,"href":"https:\/\/zonaroja.com.mx\/index.php?rest_route=%2Fwp%2Fv2%2Ftags&post=39247"}],"curies":[{"name":"wp","href":"https:\/\/api.w.org\/{rel}","templated":true}]}}