{"id":39253,"date":"2022-03-27T07:56:08","date_gmt":"2022-03-27T13:56:08","guid":{"rendered":"http:\/\/www.zonaroja.com.mx\/?p=39253"},"modified":"2022-03-27T07:56:09","modified_gmt":"2022-03-27T13:56:09","slug":"fin-de-semana-violento-dos-asesinados-en-amoltepec-y-un-ejecutado-en-etla","status":"publish","type":"post","link":"https:\/\/zonaroja.com.mx\/?p=39253","title":{"rendered":"Fin de semana violento: dos asesinados en Amoltepec y un ejecutado en Etla"},"content":{"rendered":"\n<p>Redacci\u00f3n\/Zona Roja.<\/p>\n\n\n\n<p>Oaxaca de Ju\u00e1rez, Oax., 27 de marzo de 2022.- Dos personas murieron este fin de semana en Santiago Amoltepec, por disparo de armas de fuego, presuntamente por ataque de sus vecinos de San Mateo Yucutindoo, en la regi\u00f3n Sierra Sur de Oaxaca.<\/p>\n\n\n\n<p>De acuerdo con informes policiales y confirmaci\u00f3n de la Fiscal\u00eda General del Estado de Oaxaca, la agresi\u00f3n armada ocurri\u00f3 el pasado jueves en contra de pobladores de la localidad Barranca Oscura, Amoltepec.<\/p>\n\n\n\n<p>Como resultado de ello, en el lugar de los hechos, perdi\u00f3 la vida una persona, identificada como Luis V. H., de 35 a\u00f1os de edad, y dos m\u00e1s lesionadas, que fueron trasladadas a cl\u00ednicas de la ciudad de Oaxaca.<\/p>\n\n\n\n<p>El viernes muri\u00f3 Fel\u00edcitos R. R., de 43 a\u00f1os, por la gravedad de las heridas, mientras a\u00fan convalece Pedro P. G., de 40 a\u00f1os de edad.<\/p>\n\n\n\n<p>Por otra parte, la madrugada de este domingo fue descubierta una unidad de motor calcinada, con el cuerpo de una persona en su interior, en el camino que comunica a San Felipe Tejal\u00e1pam con Santa Mar\u00eda Pe\u00f1oles, distrito de Etla.<\/p>\n\n\n\n<p>Hasta el momento la v\u00edctima a\u00fan no ha sido identificada y personal ministerial se encuentra en la zona.<\/p>\n","protected":false},"excerpt":{"rendered":"<p>Redacci\u00f3n\/Zona Roja. Oaxaca de Ju\u00e1rez, Oax., 27 de marzo de 2022.- Dos personas murieron este&hellip;<\/p>\n","protected":false},"author":2,"featured_media":24266,"comment_status":"closed","ping_status":"open","sticky":false,"template":"","format":"standard","meta":{"_lmt_disableupdate":"","_lmt_disable":"","_jetpack_memberships_contains_paid_content":false,"footnotes":""},"categories":[109,51],"tags":[860],"class_list":["post-39253","post","type-post","status-publish","format-standard","has-post-thumbnail","hentry","category-minuto-a-minuto","category-zona-roja","tag-santiago-amoltepec"],"jetpack_featured_media_url":"https:\/\/zonaroja.com.mx\/wp-content\/uploads\/2021\/03\/Santiago-Amoltepec.jpg","jetpack_sharing_enabled":true,"_links":{"self":[{"href":"https:\/\/zonaroja.com.mx\/index.php?rest_route=\/wp\/v2\/posts\/39253","targetHints":{"allow":["GET"]}}],"collection":[{"href":"https:\/\/zonaroja.com.mx\/index.php?rest_route=\/wp\/v2\/posts"}],"about":[{"href":"https:\/\/zonaroja.com.mx\/index.php?rest_route=\/wp\/v2\/types\/post"}],"author":[{"embeddable":true,"href":"https:\/\/zonaroja.com.mx\/index.php?rest_route=\/wp\/v2\/users\/2"}],"replies":[{"embeddable":true,"href":"https:\/\/zonaroja.com.mx\/index.php?rest_route=%2Fwp%2Fv2%2Fcomments&post=39253"}],"version-history":[{"count":1,"href":"https:\/\/zonaroja.com.mx\/index.php?rest_route=\/wp\/v2\/posts\/39253\/revisions"}],"predecessor-version":[{"id":39254,"href":"https:\/\/zonaroja.com.mx\/index.php?rest_route=\/wp\/v2\/posts\/39253\/revisions\/39254"}],"wp:featuredmedia":[{"embeddable":true,"href":"https:\/\/zonaroja.com.mx\/index.php?rest_route=\/wp\/v2\/media\/24266"}],"wp:attachment":[{"href":"https:\/\/zonaroja.com.mx\/index.php?rest_route=%2Fwp%2Fv2%2Fmedia&parent=39253"}],"wp:term":[{"taxonomy":"category","embeddable":true,"href":"https:\/\/zonaroja.com.mx\/index.php?rest_route=%2Fwp%2Fv2%2Fcategories&post=39253"},{"taxonomy":"post_tag","embeddable":true,"href":"https:\/\/zonaroja.com.mx\/index.php?rest_route=%2Fwp%2Fv2%2Ftags&post=39253"}],"curies":[{"name":"wp","href":"https:\/\/api.w.org\/{rel}","templated":true}]}}