{"id":39255,"date":"2022-03-27T08:04:34","date_gmt":"2022-03-27T14:04:34","guid":{"rendered":"http:\/\/www.zonaroja.com.mx\/?p=39255"},"modified":"2022-03-27T08:04:36","modified_gmt":"2022-03-27T14:04:36","slug":"putin-es-un-carnicero-y-no-puede-permanecer-en-el-poder-biden","status":"publish","type":"post","link":"https:\/\/zonaroja.com.mx\/?p=39255","title":{"rendered":"Putin es un \u201ccarnicero\u201d y \u201cno puede permanecer en el poder\u201d: Biden"},"content":{"rendered":"\n<p>Redacci\u00f3n\/Zona Roja Cdmx.<\/p>\n\n\n\n<p>Ciudad de M\u00e9xico, 27 de marzo de 2022.- El presidente de Estados Unidos, Joe Biden, declar\u00f3 ayer que el gobernante de Rusia, Vladimir Putin, \u201cno puede permanecer en el poder\u201d, dichos que elevan la ret\u00f3rica contra el presidente ruso tras su brutal invasi\u00f3n de Ucrania.&nbsp;<\/p>\n\n\n\n<p>Poco antes, describi\u00f3 al mandatario ruso como un \u201ccarnicero\u201d, luego de reunirse con refugiados que han escapado de la guerra en Ucrania hacia Polonia.&nbsp;<\/p>\n\n\n\n<p>Al jefe del Ejecutivo polaco, Andrzej Duda, le reiter\u00f3 el compromiso \u201csagrado\u201d que la Organizaci\u00f3n del Tratado del Atl\u00e1ntico Norte (OTAN) tiene con la \u201cdefensa colectiva de Europa\u201d y a poner fin a la invasi\u00f3n de Ucrania.<\/p>\n\n\n\n<p>Cuando las palabras de Biden repercut\u00edan en todo el mundo, la Casa Blanca intent\u00f3 clarificar poco despu\u00e9s del discurso en Polonia que no promov\u00eda un cambio de gobierno en Rusia.<\/p>\n\n\n\n<p>Un funcionario en Washington indic\u00f3 que Biden \u201cno discut\u00eda el poder de Putin en Rusia ni un cambio de r\u00e9gimen\u201d. El funcionario, que habl\u00f3 bajo la condici\u00f3n reglamentaria de anonimato, aludi\u00f3 que el concepto de Biden es que \u201cno se puede permitir que Putin ejerza poder sobre sus vecinos o la regi\u00f3n\u201d.<\/p>\n\n\n\n<p>La Casa Blanca se neg\u00f3 a responder si la declaraci\u00f3n de Biden sobre Putin formaba parte del discurso escrito. \u201cPor amor de Dios, este hombre no puede permanecer en el poder\u201d, se\u00f1al\u00f3 Biden al final de un discurso en la capital polaca con el que coron\u00f3 un viaje de cuatro d\u00edas a Europa.<\/p>\n\n\n\n<p>Con frecuencia, Biden ha expresado que hay que garantizar que la invasi\u00f3n del Kremlin, ya en su segundo mes, se convierta en una \u201cfalla de estrategia\u201d para Putin y ha calificado al mandatario ruso de \u201ccriminal de guerra\u201d.&nbsp;<\/p>\n\n\n\n<p>Pero antes de sus comentarios en Varsovia, el mandatario estadunidense nunca hab\u00eda dicho que Putin no deber\u00eda gobernar Rusia. Horas antes, cuando estaba por reunirse con refugiados ucranios, Biden manifest\u00f3 que Putin era un \u201ccarnicero\u201d.<\/p>\n\n\n\n<p>En lo que la Casa Blanca catalog\u00f3 como un importante discurso, Biden habl\u00f3 frente al Castillo Real, uno de los edificios de referencia de Varsovia, que sufri\u00f3 graves da\u00f1os durante la Segunda Guerra Mundial. Citando al papa polaco Juan Pablo II, y al disidente anticomunista y ex presidente Lech Walesa, advirti\u00f3 que la invasi\u00f3n de Ucrania puede traer \u201cd\u00e9cadas de guerra\u201d.<\/p>\n\n\n\n<p>\u201cDebemos afrontar esta batalla con la vista clara. Esta batalla no se ganar\u00e1 en d\u00edas ni meses\u201d, expuso Biden.Asistieron alrededor de mil personas, entre ellas algunos de los refugiados ucranianos que han huido a Polonia.<\/p>\n\n\n\n<p>\u201cDebemos comprometernos ahora a estar en esta lucha a largo plazo\u201d, plante\u00f3 Biden.<\/p>\n\n\n\n<p>Despu\u00e9s de reunirse con los refugiados en el Estadio Nacional, Biden elogi\u00f3 su estado de \u00e1nimo y resoluci\u00f3n tras la invasi\u00f3n mortal de Rusia, mientras abrazaba a madres y ni\u00f1os y promet\u00eda un duradero apoyo de las potencias occidentales.<\/p>\n\n\n\n<p>RESPUESTA MOSCOVITA<\/p>\n\n\n\n<p>El Kremlin sostuvo ayer que los insultos del presidente de Estados Unidos hacia Putin no contribuyen a las relaciones entre Washington y Mosc\u00fa. \u201cUn l\u00edder debe mantener la calma\u201d, declar\u00f3 el portavoz del Kremlin, Dmitri Peskov, a la agencia oficial Tass. \u201cEsos insultos personales reducen la oportunidad de mejorar nuestras relaciones bilaterales. Hay que ser consciente de esto\u201d, se\u00f1al\u00f3 Peskov, quien adem\u00e1s se mostr\u00f3 sorprendido por las acusaciones de Biden contra Putin.&nbsp;<\/p>\n\n\n\n<p>En declaraciones a la Ap, Peskov se\u00f1al\u00f3 que \u201cno le corresponde al presidente de Estados Unidos ni a los estadunidenses decidir qui\u00e9n permanecer\u00e1 en el poder en Rusia\u201d. \u201cS\u00f3lo los rusos que votaron por su presidente pueden decidir eso\u201d, a\u00f1adi\u00f3 Peskov. \u201cY, por supuesto, es impropio que el presidente de Estados Unidos realice tales declaraciones\u201d.<\/p>\n\n\n\n<p>Ante la pregunta sobre el impacto de los com<\/p>\n\n\n\n<p>(Informaci\u00f3n de la agencia AP en \u201cLa Jornada\u201d)<\/p>\n","protected":false},"excerpt":{"rendered":"<p>Redacci\u00f3n\/Zona Roja Cdmx. Ciudad de M\u00e9xico, 27 de marzo de 2022.- El presidente de Estados&hellip;<\/p>\n","protected":false},"author":2,"featured_media":39256,"comment_status":"closed","ping_status":"open","sticky":false,"template":"","format":"standard","meta":{"_lmt_disableupdate":"","_lmt_disable":"","_jetpack_memberships_contains_paid_content":false,"footnotes":""},"categories":[109,47],"tags":[3040],"class_list":["post-39255","post","type-post","status-publish","format-standard","has-post-thumbnail","hentry","category-minuto-a-minuto","category-zona-gris","tag-conflicto-ucrania-rusia-2"],"jetpack_featured_media_url":"https:\/\/zonaroja.com.mx\/wp-content\/uploads\/2022\/03\/FOtg5tIXIBE7AD2.jpeg","jetpack_sharing_enabled":true,"_links":{"self":[{"href":"https:\/\/zonaroja.com.mx\/index.php?rest_route=\/wp\/v2\/posts\/39255","targetHints":{"allow":["GET"]}}],"collection":[{"href":"https:\/\/zonaroja.com.mx\/index.php?rest_route=\/wp\/v2\/posts"}],"about":[{"href":"https:\/\/zonaroja.com.mx\/index.php?rest_route=\/wp\/v2\/types\/post"}],"author":[{"embeddable":true,"href":"https:\/\/zonaroja.com.mx\/index.php?rest_route=\/wp\/v2\/users\/2"}],"replies":[{"embeddable":true,"href":"https:\/\/zonaroja.com.mx\/index.php?rest_route=%2Fwp%2Fv2%2Fcomments&post=39255"}],"version-history":[{"count":1,"href":"https:\/\/zonaroja.com.mx\/index.php?rest_route=\/wp\/v2\/posts\/39255\/revisions"}],"predecessor-version":[{"id":39257,"href":"https:\/\/zonaroja.com.mx\/index.php?rest_route=\/wp\/v2\/posts\/39255\/revisions\/39257"}],"wp:featuredmedia":[{"embeddable":true,"href":"https:\/\/zonaroja.com.mx\/index.php?rest_route=\/wp\/v2\/media\/39256"}],"wp:attachment":[{"href":"https:\/\/zonaroja.com.mx\/index.php?rest_route=%2Fwp%2Fv2%2Fmedia&parent=39255"}],"wp:term":[{"taxonomy":"category","embeddable":true,"href":"https:\/\/zonaroja.com.mx\/index.php?rest_route=%2Fwp%2Fv2%2Fcategories&post=39255"},{"taxonomy":"post_tag","embeddable":true,"href":"https:\/\/zonaroja.com.mx\/index.php?rest_route=%2Fwp%2Fv2%2Ftags&post=39255"}],"curies":[{"name":"wp","href":"https:\/\/api.w.org\/{rel}","templated":true}]}}