{"id":39259,"date":"2022-03-27T09:59:34","date_gmt":"2022-03-27T15:59:34","guid":{"rendered":"https:\/\/www.zonaroja.com.mx\/?p=39259"},"modified":"2022-03-27T10:01:43","modified_gmt":"2022-03-27T16:01:43","slug":"acuerda-seccion-22-iniciar-regreso-gradual-a-clases-presenciales-en-oaxaca","status":"publish","type":"post","link":"https:\/\/zonaroja.com.mx\/?p=39259","title":{"rendered":"Acuerda Secci\u00f3n 22 iniciar regreso gradual a clases presenciales en Oaxaca"},"content":{"rendered":"\n<p>Ismael Garc\u00eda M.\/Zona Roja.&nbsp;<\/p>\n\n\n\n<p>Oaxaca de Ju\u00e1rez, Oax., 27 de marzo de 2022.- La Asamblea Estatal de la Secci\u00f3n 22 del SNTE acord\u00f3 hoy el regreso a clases presenciales, de manera &nbsp;consensuada con padres de familia y autoridades, bajo la modalidad gradual y escalonada, con las medidas y protocolos de salud.<\/p>\n\n\n\n<p>Asimismo, convino en exigir al gobierno estatal y al federal los insumos para un regreso en que se privilegie la salud de los alumnos, maestros y trabajadores administrativos.<\/p>\n\n\n\n<p>Seg\u00fan los primeros acuerdos alcanzados en la reuni\u00f3n plenaria que inici\u00f3 ayer alrededor de las 15:00 horas y culmin\u00f3 hoy a las 07:18 horas, se aval\u00f3 tambi\u00e9n la solicitud presentada por la Comisi\u00f3n Pol\u00edtica de la gremial para iniciar el proceso &nbsp;del relevo seccional, pues el actual comit\u00e9 que preside Eloy L\u00f3pez Hern\u00e1ndez, cumplo su periodo desde hace m\u00e1s de un a\u00f1o.&nbsp;<\/p>\n\n\n\n<p>Entre otros, convinieron adem\u00e1s en llevar a cabo la Asamblea Estatal tem\u00e1tica el  25 de abril, as\u00ed como el segundo congreso del PAAE.<\/p>\n\n\n\n<p>Tambi\u00e9n, llevar a cabo la ronda de asambleas de los niveles para dar a conocer los ascensos e incidencias de cada nivel.<\/p>\n\n\n\n<p>Convocar a los egresados normalistas de manera masiva para dar a conocer los acuerdos y procesos de su contrataci\u00f3n.<\/p>\n","protected":false},"excerpt":{"rendered":"<p>Ismael Garc\u00eda M.\/Zona Roja.&nbsp; Oaxaca de Ju\u00e1rez, Oax., 27 de marzo de 2022.- La Asamblea&hellip;<\/p>\n","protected":false},"author":2,"featured_media":39258,"comment_status":"closed","ping_status":"open","sticky":false,"template":"","format":"standard","meta":{"_lmt_disableupdate":"","_lmt_disable":"","_jetpack_memberships_contains_paid_content":false,"footnotes":""},"categories":[109,46],"tags":[],"class_list":["post-39259","post","type-post","status-publish","format-standard","has-post-thumbnail","hentry","category-minuto-a-minuto","category-zona-blanca"],"jetpack_featured_media_url":"https:\/\/zonaroja.com.mx\/wp-content\/uploads\/2022\/03\/4fcd0f8e-96d2-41d0-a442-fa4c84bd630e.jpg","jetpack_sharing_enabled":true,"_links":{"self":[{"href":"https:\/\/zonaroja.com.mx\/index.php?rest_route=\/wp\/v2\/posts\/39259","targetHints":{"allow":["GET"]}}],"collection":[{"href":"https:\/\/zonaroja.com.mx\/index.php?rest_route=\/wp\/v2\/posts"}],"about":[{"href":"https:\/\/zonaroja.com.mx\/index.php?rest_route=\/wp\/v2\/types\/post"}],"author":[{"embeddable":true,"href":"https:\/\/zonaroja.com.mx\/index.php?rest_route=\/wp\/v2\/users\/2"}],"replies":[{"embeddable":true,"href":"https:\/\/zonaroja.com.mx\/index.php?rest_route=%2Fwp%2Fv2%2Fcomments&post=39259"}],"version-history":[{"count":1,"href":"https:\/\/zonaroja.com.mx\/index.php?rest_route=\/wp\/v2\/posts\/39259\/revisions"}],"predecessor-version":[{"id":39260,"href":"https:\/\/zonaroja.com.mx\/index.php?rest_route=\/wp\/v2\/posts\/39259\/revisions\/39260"}],"wp:featuredmedia":[{"embeddable":true,"href":"https:\/\/zonaroja.com.mx\/index.php?rest_route=\/wp\/v2\/media\/39258"}],"wp:attachment":[{"href":"https:\/\/zonaroja.com.mx\/index.php?rest_route=%2Fwp%2Fv2%2Fmedia&parent=39259"}],"wp:term":[{"taxonomy":"category","embeddable":true,"href":"https:\/\/zonaroja.com.mx\/index.php?rest_route=%2Fwp%2Fv2%2Fcategories&post=39259"},{"taxonomy":"post_tag","embeddable":true,"href":"https:\/\/zonaroja.com.mx\/index.php?rest_route=%2Fwp%2Fv2%2Ftags&post=39259"}],"curies":[{"name":"wp","href":"https:\/\/api.w.org\/{rel}","templated":true}]}}