{"id":3926,"date":"2019-09-13T07:56:48","date_gmt":"2019-09-13T12:56:48","guid":{"rendered":"http:\/\/www.zonaroja.com.mx\/?p=3926"},"modified":"2019-09-13T07:57:05","modified_gmt":"2019-09-13T12:57:05","slug":"oaxaca-uno-de-los-nueve-estados-que-ignora-a-victimas-cndh","status":"publish","type":"post","link":"https:\/\/zonaroja.com.mx\/?p=3926","title":{"rendered":"Oaxaca, uno de los nueve estados que ignora a v\u00edctimas: CNDH"},"content":{"rendered":"\n<p>Redacci\u00f3n\/Zona\nRoja Cdmx.<\/p>\n\n\n\n<p>Ciudad de\nM\u00e9xico, 13 de septiembre de 2019.- Nueve entidades del pa\u00eds, entre ellas\nOaxaca, siguen sin tener la voluntad para atender a las v\u00edctimas en M\u00e9xico, se\u00f1al\u00f3\nla Comisi\u00f3n Nacional de los Derechos Humanos.<\/p>\n\n\n\n<p>Estos son Aguascalientes,\nBaja California, Campeche, Chiapas, Guanajuato, Hidalgo, Puebla y Sonora,\nadem\u00e1s de este estado, detall\u00f3 el diario \u201cReforma\u201d.<\/p>\n\n\n\n<p>\u00abNo\nhemos sido capaces de generar las condiciones adecuadas para dar la debida\natenci\u00f3n a la problem\u00e1tica que viven las personas que han sufrido un hecho\nvictimizante\u00bb, indic\u00f3 el obmbudsman Luis Ra\u00fal Gonz\u00e1lez.<\/p>\n\n\n\n<p>\u00abLo\ncual refleja, en la praxis, falta de voluntad de las autoridades de los\ndistintos \u00f3rdenes de Gobierno, particularmente de las entidades federativas,\npara atender los leg\u00edtimos reclamos de las v\u00edctimas y de la sociedad para que\nel acceso a la verdad, la justicia, la reparaci\u00f3n del da\u00f1o y las garant\u00edas de\nno repetici\u00f3n lleguen a todos los casos\u00bb.<\/p>\n\n\n\n<p>Como ejemplo\nde ello, el titular de la Comisi\u00f3n Nacional de los Derechos Humanos se refiri\u00f3\nal Sistema Nacional de B\u00fasqueda de Personas, que debi\u00f3 de haberse instalado\nintegralmente desde el a\u00f1o pasado.<\/p>\n\n\n\n<p>\u00abEste\na\u00f1o, hace apenas tres meses, se reinstal\u00f3 nuevamente el sistema, pero no con\ntodas las comisiones estatales, hoy todav\u00eda hay gobernantes de entidades\nfederativas que todav\u00eda no promueven la instalaci\u00f3n de esas comisiones\nlocales\u00bb, reproch\u00f3 el ombudsman.<\/p>\n\n\n\n<p>\u00abLa\nomisi\u00f3n de respuestas a esas leg\u00edtimas exigencias pone en evidencia la\nindiferencia ante el sufrimiento y dolor de las v\u00edctimas y de sus\nfamilias\u00bb.<\/p>\n\n\n\n<p>Lo mismo,\ndijo Gonz\u00e1lez P\u00e9rez, ocurre con las Comisiones Ejecutivas de Atenci\u00f3n a\nV\u00edctimas de los Estados, las cuales no est\u00e1n instaladas en todas las entidades\no no cuentan con el presupuesto suficiente.<\/p>\n\n\n\n<p>\u00abY\nclaro, (a las autoridades estatales) se les hace f\u00e1cil todo remitirlo a la\nFederaci\u00f3n no asumiendo sus compromisos y responsabilidades\u00bb, lanz\u00f3.<\/p>\n\n\n\n<p>\u00abPreg\u00fantele\na una madre que viene de la sierra, c\u00f3mo acredita c\u00f3mo gener\u00f3 los alimentos\npara su traslado, imag\u00ednense que se les pidan documentos que acrediten ese tipo\nde gastos\u00bb, explic\u00f3.<\/p>\n\n\n\n<p>\u00abDebo\nde destacar una idea de la Subsecretar\u00eda de Derechos Humanos, de que se\npretende acercar a las entidades federativas los expedientes de los familiares\nde v\u00edctimas que vienen hoy a la Ciudad de M\u00e9xico a conocer los detalles de esa\nreparaci\u00f3n, acerc\u00e1rselos a su entidad\u00bb.<\/p>\n\n\n\n<p>Gonz\u00e1lez\nP\u00e9rez se\u00f1al\u00f3 adem\u00e1s que el Pa\u00eds vive en una crisis de derechos humanos que\ntiene varios a\u00f1os, en la que se han acumulado los problemas.<\/p>\n\n\n\n<p>\u00abLos\nenuncio: desapariciones, de la magnitud de m\u00e1s de 40 mil; el nivel de fosas,\nnosotros identificamos cerca de mil 300 fosas, en el informe de hace dos\na\u00f1os\u00bb, detall\u00f3 el ombudsman.<\/p>\n\n\n\n<p>\u00abTenemos\nel problema de la trata, tenemos el problema de las agresiones a los\ncomunicadores, las muertes de comunicadores, vamos en 153 desde 2000 ac\u00e1\u00bb.<\/p>\n","protected":false},"excerpt":{"rendered":"<p>Redacci\u00f3n\/Zona Roja Cdmx. Ciudad de M\u00e9xico, 13 de septiembre de 2019.- Nueve entidades del pa\u00eds,&hellip;<\/p>\n","protected":false},"author":2,"featured_media":3927,"comment_status":"closed","ping_status":"open","sticky":false,"template":"","format":"standard","meta":{"_lmt_disableupdate":"","_lmt_disable":"","_jetpack_memberships_contains_paid_content":false,"footnotes":""},"categories":[109,47],"tags":[121],"class_list":["post-3926","post","type-post","status-publish","format-standard","has-post-thumbnail","hentry","category-minuto-a-minuto","category-zona-gris","tag-cndh"],"jetpack_featured_media_url":"https:\/\/zonaroja.com.mx\/wp-content\/uploads\/2019\/09\/cndh.jpg","jetpack_sharing_enabled":true,"_links":{"self":[{"href":"https:\/\/zonaroja.com.mx\/index.php?rest_route=\/wp\/v2\/posts\/3926","targetHints":{"allow":["GET"]}}],"collection":[{"href":"https:\/\/zonaroja.com.mx\/index.php?rest_route=\/wp\/v2\/posts"}],"about":[{"href":"https:\/\/zonaroja.com.mx\/index.php?rest_route=\/wp\/v2\/types\/post"}],"author":[{"embeddable":true,"href":"https:\/\/zonaroja.com.mx\/index.php?rest_route=\/wp\/v2\/users\/2"}],"replies":[{"embeddable":true,"href":"https:\/\/zonaroja.com.mx\/index.php?rest_route=%2Fwp%2Fv2%2Fcomments&post=3926"}],"version-history":[{"count":1,"href":"https:\/\/zonaroja.com.mx\/index.php?rest_route=\/wp\/v2\/posts\/3926\/revisions"}],"predecessor-version":[{"id":3928,"href":"https:\/\/zonaroja.com.mx\/index.php?rest_route=\/wp\/v2\/posts\/3926\/revisions\/3928"}],"wp:featuredmedia":[{"embeddable":true,"href":"https:\/\/zonaroja.com.mx\/index.php?rest_route=\/wp\/v2\/media\/3927"}],"wp:attachment":[{"href":"https:\/\/zonaroja.com.mx\/index.php?rest_route=%2Fwp%2Fv2%2Fmedia&parent=3926"}],"wp:term":[{"taxonomy":"category","embeddable":true,"href":"https:\/\/zonaroja.com.mx\/index.php?rest_route=%2Fwp%2Fv2%2Fcategories&post=3926"},{"taxonomy":"post_tag","embeddable":true,"href":"https:\/\/zonaroja.com.mx\/index.php?rest_route=%2Fwp%2Fv2%2Ftags&post=3926"}],"curies":[{"name":"wp","href":"https:\/\/api.w.org\/{rel}","templated":true}]}}