{"id":39264,"date":"2022-03-27T21:10:39","date_gmt":"2022-03-28T03:10:39","guid":{"rendered":"http:\/\/www.zonaroja.com.mx\/?p=39264"},"modified":"2022-03-27T21:10:41","modified_gmt":"2022-03-28T03:10:41","slug":"sigue-a-la-baja-el-covid-en-oaxaca-en-la-ultima-semana-358-contagios-y-16-decesos","status":"publish","type":"post","link":"https:\/\/zonaroja.com.mx\/?p=39264","title":{"rendered":"Sigue a la baja el Covid en Oaxaca; en la \u00faltima semana, 358 contagios y 16 decesos"},"content":{"rendered":"\n<p>Redacci\u00f3n\/Zona Roja.<\/p>\n\n\n\n<p>Oaxaca de Ju\u00e1rez, Oax. 27 de marzo de 2022.- El Covid-19 contin\u00faa en descenso en Oaxaca.<\/p>\n\n\n\n<p>Los Servicios de Salud de Oaxaca (SSO) reportaron que, del per\u00edodo comprendido del 20 al 26 de marzo, la entidad registr\u00f3 un acumulado de 119 mil 311 casos confirmados de Covid-19, observando una disminuci\u00f3n, pasando de 407 casos a 358 registros esta semana.<\/p>\n\n\n\n<p>Adem\u00e1s, se notificaron 16 desafortunados decesos a causa de esta patolog\u00eda respiratoria durante el lapso citado, detallado en un comunicado de prensa.<\/p>\n\n\n\n<p>Mientras que el promedio de ocupaci\u00f3n hospitalaria para la atenci\u00f3n a pacientes con complicaciones derivadas de esta enfermedad fue de 11.1%.<\/p>\n\n\n\n<p>La dependencia estatal inform\u00f3 adem\u00e1s que, siguiendo con la Estrategia de la Pol\u00edtica Nacional de Vacunaci\u00f3n contra el virus SARS-CoV-2 para la prevenci\u00f3n de la COVID-19 en M\u00e9xico, en los \u00faltimos d\u00edas se han aplicado m\u00e1s de 14 mil dosis de los biol\u00f3gicos Pfizer BioNTech, Sinovac, Astrazeneca y Cansino.<\/p>\n\n\n\n<p>En este sentido, la instituci\u00f3n exhorta a la poblaci\u00f3n a acudir a los puntos activos de vacunaci\u00f3n para completar el esquema de inmunizaci\u00f3n y aplicarse la dosis de refuerzo. Pues ello constituye un acto de corresponsabilidad en beneficio de la salud propia y la de los dem\u00e1s.<\/p>\n\n\n\n<p>Refiri\u00f3 que en caso de presentar s\u00edntomas de Covid-19, la persona debe aislarse por al menos siete d\u00edas y estar pendiente de la evoluci\u00f3n de la enfermedad para solicitar atenci\u00f3n m\u00e9dica de ser necesario.<\/p>\n\n\n\n<p>Detall\u00f3 que con base al \u00abLineamiento para la estimaci\u00f3n de riesgos del sem\u00e1foro por regiones COVID-19\u00bb emitido por el gobierno federal, Oaxaca contin\u00faa en color verde hasta el domingo 3 de abril, como resultado de la disminuci\u00f3n sostenida de contagios y hospitalizaciones.<\/p>\n\n\n\n<p>A pesar de lo anterior, el Sector Salud reitera que es necesario mantener las medidas b\u00e1sicas de prevenci\u00f3n como: la sana distancia de 1.5 metros entre personas, lavado frecuente de manos con agua y jab\u00f3n, uso correcto del cubrebocas, la ventilaci\u00f3n en espacios cerrados y evitar aglomeraciones.<\/p>\n\n\n\n<p>Pues los SSO refirieron que la pandemia a\u00fan sigue activa y el autocuidado sigue siendo la herramienta eficaz para continuar protegiendo la vida y salud a nivel individual, as\u00ed como colectivamente, por lo que es importante protegerse y proteger a quienes viven alrededor.<\/p>\n","protected":false},"excerpt":{"rendered":"<p>Redacci\u00f3n\/Zona Roja. Oaxaca de Ju\u00e1rez, Oax. 27 de marzo de 2022.- El Covid-19 contin\u00faa en&hellip;<\/p>\n","protected":false},"author":2,"featured_media":39265,"comment_status":"closed","ping_status":"open","sticky":false,"template":"","format":"standard","meta":{"_lmt_disableupdate":"","_lmt_disable":"","_jetpack_memberships_contains_paid_content":false,"footnotes":""},"categories":[109,47],"tags":[1512],"class_list":["post-39264","post","type-post","status-publish","format-standard","has-post-thumbnail","hentry","category-minuto-a-minuto","category-zona-gris","tag-coronavirus-oaxaca"],"jetpack_featured_media_url":"https:\/\/zonaroja.com.mx\/wp-content\/uploads\/2022\/03\/Gente-ciudad-de-Oaxaca-Covid-coronavirus-1.jpg","jetpack_sharing_enabled":true,"_links":{"self":[{"href":"https:\/\/zonaroja.com.mx\/index.php?rest_route=\/wp\/v2\/posts\/39264","targetHints":{"allow":["GET"]}}],"collection":[{"href":"https:\/\/zonaroja.com.mx\/index.php?rest_route=\/wp\/v2\/posts"}],"about":[{"href":"https:\/\/zonaroja.com.mx\/index.php?rest_route=\/wp\/v2\/types\/post"}],"author":[{"embeddable":true,"href":"https:\/\/zonaroja.com.mx\/index.php?rest_route=\/wp\/v2\/users\/2"}],"replies":[{"embeddable":true,"href":"https:\/\/zonaroja.com.mx\/index.php?rest_route=%2Fwp%2Fv2%2Fcomments&post=39264"}],"version-history":[{"count":1,"href":"https:\/\/zonaroja.com.mx\/index.php?rest_route=\/wp\/v2\/posts\/39264\/revisions"}],"predecessor-version":[{"id":39266,"href":"https:\/\/zonaroja.com.mx\/index.php?rest_route=\/wp\/v2\/posts\/39264\/revisions\/39266"}],"wp:featuredmedia":[{"embeddable":true,"href":"https:\/\/zonaroja.com.mx\/index.php?rest_route=\/wp\/v2\/media\/39265"}],"wp:attachment":[{"href":"https:\/\/zonaroja.com.mx\/index.php?rest_route=%2Fwp%2Fv2%2Fmedia&parent=39264"}],"wp:term":[{"taxonomy":"category","embeddable":true,"href":"https:\/\/zonaroja.com.mx\/index.php?rest_route=%2Fwp%2Fv2%2Fcategories&post=39264"},{"taxonomy":"post_tag","embeddable":true,"href":"https:\/\/zonaroja.com.mx\/index.php?rest_route=%2Fwp%2Fv2%2Ftags&post=39264"}],"curies":[{"name":"wp","href":"https:\/\/api.w.org\/{rel}","templated":true}]}}