{"id":39288,"date":"2022-03-28T14:28:36","date_gmt":"2022-03-28T20:28:36","guid":{"rendered":"https:\/\/www.zonaroja.com.mx\/?p=39288"},"modified":"2022-03-28T15:19:40","modified_gmt":"2022-03-28T21:19:40","slug":"mueren-calcinados-seis-menores-de-edad-en-comunidad-de-oaxaca","status":"publish","type":"post","link":"https:\/\/zonaroja.com.mx\/?p=39288","title":{"rendered":"Mueren calcinados seis menores de edad en comunidad de Oaxaca"},"content":{"rendered":"\n<p>Ismael Garc\u00eda M.\/Zona Roja.&nbsp;<\/p>\n\n\n\n<p>Oaxaca de Ju\u00e1rez, Oax., 28 de marzo de 2022.- Seis menores de edad, todos integrantes de una familia, murieron calcinados la ma\u00f1ana de hoy en el interior de un domicilio, en la comunidad de San Jos\u00e9 Tilapa, Coicoy\u00e1n de la Flores, municipio de la regi\u00f3n Mixteca de Oaxaca. <\/p>\n\n\n\n<p>De acuerdo con los primeros datos oficiales, se trata de Rosalba de 11 a\u00f1os, C\u00e9sar de ocho a\u00f1os, Irma de seis a\u00f1os, V\u00edctor de cuatro a\u00f1os, Gabriel de un a\u00f1o seis meses, y un beb\u00e9 de seis meses de edad.<\/p>\n\n\n\n<p>Seg\u00fan las autoridades locales, habr\u00edan fallecido al prenderse fuego al hogar por un fog\u00f3n que la madre dej\u00f3 encendido para irse a sus quehaceres.  <\/p>\n\n\n\n<p>La Fiscal\u00eda General del Estado de Oaxaca, a trav\u00e9s de la Vicefiscal\u00eda Regional de la Mixteca, inici\u00f3 la Carpeta de Investigaci\u00f3n n\u00famero 10472\/FMIX\/JUXTLAHUACA\/2022 en contra de quien resulte responsable, por el delito de homicidio doloso y da\u00f1os por incendio. <\/p>\n\n\n\n<p>Coicoy\u00e1n de las Flores es uno de los municipios m\u00e1s pobres de M\u00e9xico y se encuentra ubicado en la regi\u00f3n Mixteca del estado. <\/p>\n","protected":false},"excerpt":{"rendered":"<p>Ismael Garc\u00eda M.\/Zona Roja.&nbsp; Oaxaca de Ju\u00e1rez, Oax., 28 de marzo de 2022.- Seis menores&hellip;<\/p>\n","protected":false},"author":2,"featured_media":39291,"comment_status":"closed","ping_status":"open","sticky":false,"template":"","format":"standard","meta":{"_lmt_disableupdate":"","_lmt_disable":"","_jetpack_memberships_contains_paid_content":false,"footnotes":""},"categories":[109,51],"tags":[],"class_list":["post-39288","post","type-post","status-publish","format-standard","has-post-thumbnail","hentry","category-minuto-a-minuto","category-zona-roja"],"jetpack_featured_media_url":"https:\/\/zonaroja.com.mx\/wp-content\/uploads\/2022\/03\/Menores-calcinados-Coicoyan.jpg","jetpack_sharing_enabled":true,"_links":{"self":[{"href":"https:\/\/zonaroja.com.mx\/index.php?rest_route=\/wp\/v2\/posts\/39288","targetHints":{"allow":["GET"]}}],"collection":[{"href":"https:\/\/zonaroja.com.mx\/index.php?rest_route=\/wp\/v2\/posts"}],"about":[{"href":"https:\/\/zonaroja.com.mx\/index.php?rest_route=\/wp\/v2\/types\/post"}],"author":[{"embeddable":true,"href":"https:\/\/zonaroja.com.mx\/index.php?rest_route=\/wp\/v2\/users\/2"}],"replies":[{"embeddable":true,"href":"https:\/\/zonaroja.com.mx\/index.php?rest_route=%2Fwp%2Fv2%2Fcomments&post=39288"}],"version-history":[{"count":2,"href":"https:\/\/zonaroja.com.mx\/index.php?rest_route=\/wp\/v2\/posts\/39288\/revisions"}],"predecessor-version":[{"id":39290,"href":"https:\/\/zonaroja.com.mx\/index.php?rest_route=\/wp\/v2\/posts\/39288\/revisions\/39290"}],"wp:featuredmedia":[{"embeddable":true,"href":"https:\/\/zonaroja.com.mx\/index.php?rest_route=\/wp\/v2\/media\/39291"}],"wp:attachment":[{"href":"https:\/\/zonaroja.com.mx\/index.php?rest_route=%2Fwp%2Fv2%2Fmedia&parent=39288"}],"wp:term":[{"taxonomy":"category","embeddable":true,"href":"https:\/\/zonaroja.com.mx\/index.php?rest_route=%2Fwp%2Fv2%2Fcategories&post=39288"},{"taxonomy":"post_tag","embeddable":true,"href":"https:\/\/zonaroja.com.mx\/index.php?rest_route=%2Fwp%2Fv2%2Ftags&post=39288"}],"curies":[{"name":"wp","href":"https:\/\/api.w.org\/{rel}","templated":true}]}}