{"id":39295,"date":"2022-03-28T15:39:17","date_gmt":"2022-03-28T21:39:17","guid":{"rendered":"http:\/\/www.zonaroja.com.mx\/?p=39295"},"modified":"2022-03-28T18:07:20","modified_gmt":"2022-03-29T00:07:20","slug":"se-deslinda-normal-de-tamazulapam-del-ceneo-por-desvirtuar-movimiento","status":"publish","type":"post","link":"https:\/\/zonaroja.com.mx\/?p=39295","title":{"rendered":"Se deslinda Normal de Tamazul\u00e1pam de la CENEO, por \u201cdesvirtuar\u201d movimiento"},"content":{"rendered":"\n<p>Yuridiana Sosa\/Zona Roja.<\/p>\n\n\n\n<p>Oaxaca de Ju\u00e1rez, Oax., 28 de marzo de 2022.- La Escuela Normal Rural \u201cVanguardia\u201d de Tamazul\u00e1pam del Progreso, anunci\u00f3 su retiro temporal del movimiento de la Coordinadora Estudiantil Normalistas del Estado de Oaxaca (CENEO) y se deslinda de sus acciones, luego de percatarse que la organizaci\u00f3n ha perdido el rumbo de sus objetivos.<\/p>\n\n\n\n<p>El Comit\u00e9 Ejecutivo Estudiantil \u201cAlma Oaxaque\u00f1a\u201d de dicha normal dio a conocer su postura a la Comisi\u00f3n Pol\u00edtica y a las bases de la Secci\u00f3n 22 del Sindicato Nacional de Trabajadores de la Educaci\u00f3n (SNTE), adherida a la Coordinadora Nacional de Trabajadores de la Educaci\u00f3n (CNTE), a quien pidi\u00f3 su respaldo y apoyo ante sus propias movilizaciones.<\/p>\n\n\n\n<p>De acuerdo con la Escuela Normal \u201cVanguardia\u201d (ENRUVA), con modelo acad\u00e9mico de internado, la fractura con la CENEO surge a ra\u00edz de las amenazas y atentados contra las instalaciones de dicha instituci\u00f3n educativa y principalmente por transgredir la organizaci\u00f3n interna de la escuela normal.<\/p>\n\n\n\n<p>\u201cHoy en d\u00eda nos hemos dado cuenta que diversos actores que est\u00e1n en las filas de la CENEO han desvirtuado los fines e intereses comunes que dieron origen a la organizaci\u00f3n\u201d, manifest\u00f3 la ENRUVA, quien fue una de las escuelas bases del nacimiento de la Coordinadora Estudiantil.<\/p>\n\n\n\n<p>La Normal de Tamazul\u00e1pam fue contundente en su decisi\u00f3n y expres\u00f3 que \u201ccuando vuelvan a converger los prop\u00f3sitos colectivos de las diversas normales del Estado y exista un respeto irrestricto a la organizaci\u00f3n interna de la normal rural de Tamazul\u00e1pam, podremos entablar un di\u00e1logo para la reinserci\u00f3n de la comunidad normalista de la ENRUVA al CENEO\u201d.<\/p>\n\n\n\n<p>Pero en tanto no exista un reencause de los objetivos comunes \u201cnos mantendremos al margen de la Coordinadora Estudiantil Normalistas del Estado de Oaxaca\u201d.<\/p>\n\n\n\n<p>Desde hace m\u00e1s de un mes, integrantes de la CENEO mantienen movilizaciones irrisorias en la capital del estado para exigir supuestamente plazas para maestros, aunque el IEEPO ha se\u00f1alado di\u00e1logo abierto, y atenci\u00f3n total para el tr\u00e1mite de su incorporaci\u00f3n al servicio docente en Oaxaca.<\/p>\n\n\n\n<p>Son los oaxaque\u00f1os los m\u00e1s afectados con una serie de bloqueos que realizan de forma continua en el centro de la ciudad de Oaxaca, donde tambi\u00e9n realizan \u201ctoma\u201d de camiones urbanos y de veh\u00edculos repartidores.&nbsp;<\/p>\n","protected":false},"excerpt":{"rendered":"<p>Yuridiana Sosa\/Zona Roja. Oaxaca de Ju\u00e1rez, Oax., 28 de marzo de 2022.- La Escuela Normal&hellip;<\/p>\n","protected":false},"author":2,"featured_media":17429,"comment_status":"closed","ping_status":"open","sticky":false,"template":"","format":"standard","meta":{"_lmt_disableupdate":"","_lmt_disable":"","_jetpack_memberships_contains_paid_content":false,"footnotes":""},"categories":[109,47],"tags":[656],"class_list":["post-39295","post","type-post","status-publish","format-standard","has-post-thumbnail","hentry","category-minuto-a-minuto","category-zona-gris","tag-tamazulapam-del-progreso"],"jetpack_featured_media_url":"https:\/\/zonaroja.com.mx\/wp-content\/uploads\/2020\/09\/Escuela-Normal-Rural-Vanguardia-Tamazulapam.jpg","jetpack_sharing_enabled":true,"_links":{"self":[{"href":"https:\/\/zonaroja.com.mx\/index.php?rest_route=\/wp\/v2\/posts\/39295","targetHints":{"allow":["GET"]}}],"collection":[{"href":"https:\/\/zonaroja.com.mx\/index.php?rest_route=\/wp\/v2\/posts"}],"about":[{"href":"https:\/\/zonaroja.com.mx\/index.php?rest_route=\/wp\/v2\/types\/post"}],"author":[{"embeddable":true,"href":"https:\/\/zonaroja.com.mx\/index.php?rest_route=\/wp\/v2\/users\/2"}],"replies":[{"embeddable":true,"href":"https:\/\/zonaroja.com.mx\/index.php?rest_route=%2Fwp%2Fv2%2Fcomments&post=39295"}],"version-history":[{"count":2,"href":"https:\/\/zonaroja.com.mx\/index.php?rest_route=\/wp\/v2\/posts\/39295\/revisions"}],"predecessor-version":[{"id":39299,"href":"https:\/\/zonaroja.com.mx\/index.php?rest_route=\/wp\/v2\/posts\/39295\/revisions\/39299"}],"wp:featuredmedia":[{"embeddable":true,"href":"https:\/\/zonaroja.com.mx\/index.php?rest_route=\/wp\/v2\/media\/17429"}],"wp:attachment":[{"href":"https:\/\/zonaroja.com.mx\/index.php?rest_route=%2Fwp%2Fv2%2Fmedia&parent=39295"}],"wp:term":[{"taxonomy":"category","embeddable":true,"href":"https:\/\/zonaroja.com.mx\/index.php?rest_route=%2Fwp%2Fv2%2Fcategories&post=39295"},{"taxonomy":"post_tag","embeddable":true,"href":"https:\/\/zonaroja.com.mx\/index.php?rest_route=%2Fwp%2Fv2%2Ftags&post=39295"}],"curies":[{"name":"wp","href":"https:\/\/api.w.org\/{rel}","templated":true}]}}