{"id":3930,"date":"2019-09-13T14:26:01","date_gmt":"2019-09-13T19:26:01","guid":{"rendered":"https:\/\/www.zonaroja.com.mx\/?p=3930"},"modified":"2019-09-13T14:26:03","modified_gmt":"2019-09-13T19:26:03","slug":"feminicida-de-dafne-carreno-busca-reduccion-de-sentencia-denuncian-familiares","status":"publish","type":"post","link":"https:\/\/zonaroja.com.mx\/?p=3930","title":{"rendered":"Feminicida de Dafne Carre\u00f1o busca reducci\u00f3n de sentencia, denuncian familiares"},"content":{"rendered":"\n<p>Evlin Arag\u00f3n\/Zona Roja.<\/p>\n\n\n\n<p>Oaxaca de Ju\u00e1rez, Oax., 13 de septiembre de 2019.- Familiares de Dafne Carre\u00f1o Bengochea, asesinada en abril del 2013 por su ex pareja sentimental, denunciaron la corrupci\u00f3n que sigue permeando alrededor del caso,a favor de Alejandro Rivera L\u00f3pez, quien a pesar de ser declarado culpable del feminicidio de la joven, ahora busca reducir la hist\u00f3rica sentencia en Oaxaca.<\/p>\n\n\n\n<p>\u201cFamilia y amigos, este post es para solicitar su AYUDA para que el FEMINICIDIO de mi prima Dafne Denisse Carre\u00f1o Bengochea no quede impune. El asesino ALEJANDRO RIVERA LOPEZ recibi\u00f3 una sentencia la cual con una apelaci\u00f3n fue justificada a reducir a\u00f1os\u201d, cita la publicaci\u00f3n realizada a trav\u00e9s de las redes sociales.<\/p>\n\n\n\n<p>El pasado 10 de septiembre, Dey Bengochea, prima de la joven asesinada, dio a conocer que por \u201csorteo de la ley\u201d enviaron el caso al Cuarto Tribunal Colegiado del Circuito del Centro de la D\u00e9cima, ubicado en Saltillo, Coahuila, cuando los hechos ocurrieron en Oaxaca.<\/p>\n\n\n\n<p>Lo anterior para buscar una reducci\u00f3n en la sentencia de 78 a\u00f1os por el delito de feminicidio agravado que recibi\u00f3  Alejandro Rivera L\u00f3pez, luego de cuatro a\u00f1os y seis meses en los que la madre de la joven, Zoila Bengochea, luch\u00f3 contra un sistema de procuraci\u00f3n de justicia que se negaba a proceder como lo marca la ley.<\/p>\n\n\n\n<p>\u201cLo que pedimos es #JUSTICIAPARADAFNE la cual fue privada de la vida a sus 21 a\u00f1os, rob\u00e1ndole sue\u00f1os e ilusiones, esto sucedi\u00f3 en Oaxaca\u201d, public\u00f3.<\/p>\n\n\n\n<p>En este sentido, record\u00f3 que el feminicidio toc\u00f3 a la puerta de su familia el 9 de abril de 2013, cuando Alejandro Rivera L\u00f3pez mat\u00f3 a sangre fr\u00eda a quien d\u00edas antes fuera su novia, con varias pu\u00f1aladas y con testigos de por medio le robo la vida de manera cruel y mis\u00f3gina a Dafne.<\/p>\n\n\n\n<p>\u201c\u00bfImaginan el dolor de Dafne? Yo no&#8230; \u00bfimaginan su sentir? Yo no puedo&#8230;Solo pedimos justicia&#8230; a pesar de la existencia de testigos presenciales siguen con la CORRUPCION DEL CASO despu\u00e9s de cinco a\u00f1os&#8230; \u00bfImaginan que impotente se sent\u00eda Dafne al recibir pu\u00f1aladas y que nadie la auxiliara?\u201d continua la publicaci\u00f3n.<\/p>\n\n\n\n<p>Finalmente pidi\u00f3 el respaldo para difundir la informaci\u00f3n y se pueda evitar que la sentencia de Rivera L\u00f3pez sea reducida, lo cual sentar\u00eda un precedente negativo, ya que fue precisamente este caso el primer proceso judicial que se tipific\u00f3 como feminicidio en Oaxaca, tras una larga lucha por parte de la familia de la joven asesinada.<\/p>\n\n\n\n<p>\u201cAy\u00fadame a que est\u00e9 post llegue a la m\u00e1s gente posible y darnos cuenta que cualquiera puede quitarnos la vida y nuestro GOBIERNO NO HACE NADA. Nuestras LEYES NO NOS PROTEGEN por que somos mujeres\u201d, concluye la publicaci\u00f3n.&nbsp;<br class=\"Apple-interchange-newline\" \/><\/p>\n\n\n\n<p><\/p>\n","protected":false},"excerpt":{"rendered":"<p>Evlin Arag\u00f3n\/Zona Roja. Oaxaca de Ju\u00e1rez, Oax., 13 de septiembre de 2019.- Familiares de Dafne&hellip;<\/p>\n","protected":false},"author":2,"featured_media":3929,"comment_status":"closed","ping_status":"open","sticky":false,"template":"","format":"standard","meta":{"_lmt_disableupdate":"","_lmt_disable":"","_jetpack_memberships_contains_paid_content":false,"footnotes":""},"categories":[1],"tags":[],"class_list":["post-3930","post","type-post","status-publish","format-standard","has-post-thumbnail","hentry","category-sin-categoria"],"jetpack_featured_media_url":"https:\/\/zonaroja.com.mx\/wp-content\/uploads\/2019\/09\/img_7565.jpg","jetpack_sharing_enabled":true,"_links":{"self":[{"href":"https:\/\/zonaroja.com.mx\/index.php?rest_route=\/wp\/v2\/posts\/3930","targetHints":{"allow":["GET"]}}],"collection":[{"href":"https:\/\/zonaroja.com.mx\/index.php?rest_route=\/wp\/v2\/posts"}],"about":[{"href":"https:\/\/zonaroja.com.mx\/index.php?rest_route=\/wp\/v2\/types\/post"}],"author":[{"embeddable":true,"href":"https:\/\/zonaroja.com.mx\/index.php?rest_route=\/wp\/v2\/users\/2"}],"replies":[{"embeddable":true,"href":"https:\/\/zonaroja.com.mx\/index.php?rest_route=%2Fwp%2Fv2%2Fcomments&post=3930"}],"version-history":[{"count":1,"href":"https:\/\/zonaroja.com.mx\/index.php?rest_route=\/wp\/v2\/posts\/3930\/revisions"}],"predecessor-version":[{"id":3931,"href":"https:\/\/zonaroja.com.mx\/index.php?rest_route=\/wp\/v2\/posts\/3930\/revisions\/3931"}],"wp:featuredmedia":[{"embeddable":true,"href":"https:\/\/zonaroja.com.mx\/index.php?rest_route=\/wp\/v2\/media\/3929"}],"wp:attachment":[{"href":"https:\/\/zonaroja.com.mx\/index.php?rest_route=%2Fwp%2Fv2%2Fmedia&parent=3930"}],"wp:term":[{"taxonomy":"category","embeddable":true,"href":"https:\/\/zonaroja.com.mx\/index.php?rest_route=%2Fwp%2Fv2%2Fcategories&post=3930"},{"taxonomy":"post_tag","embeddable":true,"href":"https:\/\/zonaroja.com.mx\/index.php?rest_route=%2Fwp%2Fv2%2Ftags&post=3930"}],"curies":[{"name":"wp","href":"https:\/\/api.w.org\/{rel}","templated":true}]}}