{"id":39301,"date":"2022-03-28T19:56:50","date_gmt":"2022-03-29T01:56:50","guid":{"rendered":"http:\/\/www.zonaroja.com.mx\/?p=39301"},"modified":"2022-03-28T20:05:29","modified_gmt":"2022-03-29T02:05:29","slug":"muere-por-desnutricion-nina-desplazada-de-atatlahuca-oaxaca","status":"publish","type":"post","link":"https:\/\/zonaroja.com.mx\/?p=39301","title":{"rendered":"Muere por desnutrici\u00f3n ni\u00f1a desplazada de Atatlahuca, Oaxaca"},"content":{"rendered":"\n<p>Redacci\u00f3n\/Zona Roja.<\/p>\n\n\n\n<p>Oaxaca de Ju\u00e1rez, Oax., 28 de marzo de 2022.- Una menor de tres a\u00f1os de edad, identificada como Benita, muri\u00f3 este domingo en el hospital rural del IMSS en Tlaxiaco, Oaxaca, debido a diarrea y severa desnutrici\u00f3n.<\/p>\n\n\n\n<p>La peque\u00f1a es una de las v\u00edctimas de desplazamiento forzado Guerrero Grande y Ndoyonoyuji, agencias de San Esteban Atatlahuaca, y cuyas viviendas fueron quemadas, revel\u00f3 el Centro de Derechos Humanos y Asesor\u00eda a Pueblos Ind\u00edgenas (Cedhapi).<\/p>\n\n\n\n<p>En un comunicado, inform\u00f3 que Benita H. B. y su familia son parte de los desplazados de manera violenta el pasado 22 de octubre de 2021 en dichas localidades de la regi\u00f3n Mixteca del estado.<\/p>\n\n\n\n<p>Detall\u00f3 que hubo m\u00e1s de 100 casas quemadas, lo cual en un inicio produjo el desplazamiento interno forzado de m\u00e1s de 300 familia de las comunidades de Ndoyonoyuji y Guerrero grande y que algunas familias de Guerrero Grande han regresado a su comunidad y que se encuentran viviendo en la iglesia de dicha localidad y en casa de sus familiares y vecinos, ya que sus vivienda fueron quemadas.<\/p>\n\n\n\n<p>Por todos estos hechos, con fecha 23 de diciembre del 2021, la Comisi\u00f3n Interamericana de Derechos Humanos emiti\u00f3 la medida cautelar al Estado Mexicano&nbsp;MC-1050-21,&nbsp;en la cual refiere concretamente lo siguiente:&nbsp;<\/p>\n\n\n\n<p>\u201cProteger los derechos a la vida e Integridad personal de las familias ind\u00edgenas de las comunidades de Guerrero Grande y Ndoyonuyuji a trav\u00e9s de medidas culturalmente adecuadas dirigidas para proteger sus derechos y en especial de los ni\u00f1os, ni\u00f1as, mujeres y personas mayores\u201d.<\/p>\n\n\n\n<p>Con fecha 31 de diciembre del 2021, el Comit\u00e9 Contra la Desaparici\u00f3n Forzada de la ONU emiti\u00f3 acci\u00f3n urgente solicitando al Estado mexicano la b\u00fasqueda inmediata de los se\u00f1ores Miguel Bautista Avenda\u00f1o, Donato Bautista Avenda\u00f1o, Marco Quiroz Ria\u00f1o, Mayolo Quiroz Barrios y de la se\u00f1ora Irma Galindo Barrios e investigaci\u00f3n de su alegada desaparici\u00f3n forzada.<\/p>\n\n\n\n<p>El Cedhapi detall\u00f3 que la situaci\u00f3n de riesgo prevalece en la comunidad&nbsp; ind\u00edgena de Guerrero Grande, siendo el caso que en la noche del d\u00eda 31 de diciembre del 2021,&nbsp; fueron quemadas las casas de los se\u00f1ores Lucas Ria\u00f1o Sandoval, Bartolom\u00e9 Barrios Reyes, Juana Bautista Sandoval, Porfiria Hern\u00e1ndez Bautista, Mar\u00eda Hern\u00e1ndez Bautista y Cornelio Hern\u00e1ndez Bautista.<\/p>\n\n\n\n<p>Por ello, solicit\u00f3 el cumplimiento a la medida cautelar otorgada por la comisi\u00f3n Interamericana de Derechos Humanos MC-1050-21 y apoyo humanitario urgente a las familias desplazadas de Guerrero Grande y Ndoyonoyuji, en el marco internacional del Derecho Internacional Humanitario.<\/p>\n","protected":false},"excerpt":{"rendered":"<p>Redacci\u00f3n\/Zona Roja. Oaxaca de Ju\u00e1rez, Oax., 28 de marzo de 2022.- Una menor de tres&hellip;<\/p>\n","protected":false},"author":2,"featured_media":39302,"comment_status":"closed","ping_status":"open","sticky":false,"template":"","format":"standard","meta":{"_lmt_disableupdate":"","_lmt_disable":"","_jetpack_memberships_contains_paid_content":false,"footnotes":""},"categories":[109,47],"tags":[1025],"class_list":["post-39301","post","type-post","status-publish","format-standard","has-post-thumbnail","hentry","category-minuto-a-minuto","category-zona-gris","tag-san-esteban-atatlahuca"],"jetpack_featured_media_url":"https:\/\/zonaroja.com.mx\/wp-content\/uploads\/2022\/03\/Menor-muerta-Atatlahuca.jpg","jetpack_sharing_enabled":true,"_links":{"self":[{"href":"https:\/\/zonaroja.com.mx\/index.php?rest_route=\/wp\/v2\/posts\/39301","targetHints":{"allow":["GET"]}}],"collection":[{"href":"https:\/\/zonaroja.com.mx\/index.php?rest_route=\/wp\/v2\/posts"}],"about":[{"href":"https:\/\/zonaroja.com.mx\/index.php?rest_route=\/wp\/v2\/types\/post"}],"author":[{"embeddable":true,"href":"https:\/\/zonaroja.com.mx\/index.php?rest_route=\/wp\/v2\/users\/2"}],"replies":[{"embeddable":true,"href":"https:\/\/zonaroja.com.mx\/index.php?rest_route=%2Fwp%2Fv2%2Fcomments&post=39301"}],"version-history":[{"count":2,"href":"https:\/\/zonaroja.com.mx\/index.php?rest_route=\/wp\/v2\/posts\/39301\/revisions"}],"predecessor-version":[{"id":39304,"href":"https:\/\/zonaroja.com.mx\/index.php?rest_route=\/wp\/v2\/posts\/39301\/revisions\/39304"}],"wp:featuredmedia":[{"embeddable":true,"href":"https:\/\/zonaroja.com.mx\/index.php?rest_route=\/wp\/v2\/media\/39302"}],"wp:attachment":[{"href":"https:\/\/zonaroja.com.mx\/index.php?rest_route=%2Fwp%2Fv2%2Fmedia&parent=39301"}],"wp:term":[{"taxonomy":"category","embeddable":true,"href":"https:\/\/zonaroja.com.mx\/index.php?rest_route=%2Fwp%2Fv2%2Fcategories&post=39301"},{"taxonomy":"post_tag","embeddable":true,"href":"https:\/\/zonaroja.com.mx\/index.php?rest_route=%2Fwp%2Fv2%2Ftags&post=39301"}],"curies":[{"name":"wp","href":"https:\/\/api.w.org\/{rel}","templated":true}]}}