{"id":39305,"date":"2022-03-28T21:28:16","date_gmt":"2022-03-29T03:28:16","guid":{"rendered":"http:\/\/www.zonaroja.com.mx\/?p=39305"},"modified":"2022-03-28T21:28:18","modified_gmt":"2022-03-29T03:28:18","slug":"con-rodada-de-protesta-ciclistas-exigen-seguridad-y-justicia-en-oaxaca","status":"publish","type":"post","link":"https:\/\/zonaroja.com.mx\/?p=39305","title":{"rendered":"Con rodada de protesta, ciclistas exigen seguridad y justicia en Oaxaca"},"content":{"rendered":"\n<p>Yuridiana Sosa\/ Zona Roja<\/p>\n\n\n\n<p>Oaxaca de Ju\u00e1rez, Oax., 28 de marzo de 2022.- Ciclistas de la capital oaxaque\u00f1a y zona conurbada de la ciudad, realizaron una rodada a modo de manifestaci\u00f3n pac\u00edfica, para exigir a las autoridades estatales y municipales mayor seguridad e infraestructura para los ciudadanos que utilizan la bicicleta, pues las muertes de usuarios por imprudencias de automovilistas contin\u00faan.<\/p>\n\n\n\n<p>Apenas el pasado viernes por la noche, un adulto identificado como Ricardo H., perdi\u00f3 la vida al ser arrollado presuntamente por un taxista sobre la carretera federal 190 en la agencia de Santa Rosa Panzacola, de Oaxaca de Ju\u00e1rez.<\/p>\n\n\n\n<p>Con la leyenda \u201cTambi\u00e9n me esperan en casa\u201d los ciclistas demandaron al gobierno municipal y al estatal a trav\u00e9s de la Secretar\u00eda de Movilidad (Semovi) que primero aplique mayores sanciones a los transportistas que ocupan los acotamientos de las carreteras para rebasar y competir por ganar el pasaje.<\/p>\n\n\n\n<figure class=\"wp-block-embed is-type-rich is-provider-twitter wp-block-embed-twitter\"><div class=\"wp-block-embed__wrapper\">\n<div class=\"twitter-tweet\"><blockquote class=\"twitter-tweet\" data-lang=\"es\"><p lang=\"es\" dir=\"ltr\"><a href=\"https:\/\/twitter.com\/hashtag\/ENVIVO?src=hash&amp;ref_src=twsrc%5Etfw\">#ENVIVO<\/a> <br>Oaxaca de Ju\u00e1rez, Oax., 28 de marzo de 2022.- Colectivo ciclistas realizan rodada en la capital oaxaque\u00f1a, para exigir mayor seguridad; la semana pasada un veh\u00edculo atropell\u00f3 y mat\u00f3 a un ciclista. Exigen justicia. <br><br>Siga la transmisi\u00f3n:<br>\ud83d\udc47<a href=\"https:\/\/t.co\/PjzQdGAgOJ\">https:\/\/t.co\/PjzQdGAgOJ<\/a> <a href=\"https:\/\/t.co\/sNCD4FEAE3\">pic.twitter.com\/sNCD4FEAE3<\/a><\/p>&mdash; Zona Roja Oaxaca (@ZonaRoja_Oaxaca) <a href=\"https:\/\/twitter.com\/ZonaRoja_Oaxaca\/status\/1508505223106600972?ref_src=twsrc%5Etfw\">28 de marzo de 2022<\/a><\/blockquote><\/div>\n<\/div><\/figure>\n\n\n\n<p>As\u00ed tambi\u00e9n, exigieron que se construya una mayor y mejor red de ciclov\u00edas seguras que conecten a la capital con los diferentes municipios conurbados, pues son cientos de ciudadanos que ocupan la bicicleta como medio de transporte, sin embargo, cada vez crece el miedo por ocuparla ante las imprudencias, apunt\u00f3 H\u00e9ctor Jim\u00e9nez, de grupo Rodarte.<\/p>\n\n\n\n<p>Los ciclistas pidieron a los automovilistas mayor tolerancia y respeto a la distancia de 1.5 metros, que para los usuarios de la bici representa vida, as\u00ed como que los vecinos permitan la construcci\u00f3n de v\u00edas para ellos, lo que permitir\u00e1 una sana convivencia en la carretera entre otros.<\/p>\n\n\n\n<p>Entre mejores v\u00edas para los ciclistas existan, ser\u00e1n m\u00e1s los ciudadanos que ocupen este medio, no s\u00f3lo para actividades recreativas, tambi\u00e9n como medio de transporte, lo que ayudar\u00e1 al medio ambiente y a la salud de cada persona que la ocupe.<\/p>\n\n\n\n<p>En la rodada de este d\u00eda participaron 35 ciclistas, quienes recorrieron la carretera federal 190 desde el crucero de Trinidad de Viguera y calles de la ciudad hasta llegar a la Alameda de Le\u00f3n.&nbsp;<\/p>\n","protected":false},"excerpt":{"rendered":"<p>Yuridiana Sosa\/ Zona Roja Oaxaca de Ju\u00e1rez, Oax., 28 de marzo de 2022.- Ciclistas de&hellip;<\/p>\n","protected":false},"author":2,"featured_media":39306,"comment_status":"closed","ping_status":"open","sticky":false,"template":"","format":"standard","meta":{"_lmt_disableupdate":"","_lmt_disable":"","_jetpack_memberships_contains_paid_content":false,"footnotes":""},"categories":[109,47],"tags":[],"class_list":["post-39305","post","type-post","status-publish","format-standard","has-post-thumbnail","hentry","category-minuto-a-minuto","category-zona-gris"],"jetpack_featured_media_url":"https:\/\/zonaroja.com.mx\/wp-content\/uploads\/2022\/03\/Protesta-ciclistas-tras-atropellado.jpg","jetpack_sharing_enabled":true,"_links":{"self":[{"href":"https:\/\/zonaroja.com.mx\/index.php?rest_route=\/wp\/v2\/posts\/39305","targetHints":{"allow":["GET"]}}],"collection":[{"href":"https:\/\/zonaroja.com.mx\/index.php?rest_route=\/wp\/v2\/posts"}],"about":[{"href":"https:\/\/zonaroja.com.mx\/index.php?rest_route=\/wp\/v2\/types\/post"}],"author":[{"embeddable":true,"href":"https:\/\/zonaroja.com.mx\/index.php?rest_route=\/wp\/v2\/users\/2"}],"replies":[{"embeddable":true,"href":"https:\/\/zonaroja.com.mx\/index.php?rest_route=%2Fwp%2Fv2%2Fcomments&post=39305"}],"version-history":[{"count":1,"href":"https:\/\/zonaroja.com.mx\/index.php?rest_route=\/wp\/v2\/posts\/39305\/revisions"}],"predecessor-version":[{"id":39307,"href":"https:\/\/zonaroja.com.mx\/index.php?rest_route=\/wp\/v2\/posts\/39305\/revisions\/39307"}],"wp:featuredmedia":[{"embeddable":true,"href":"https:\/\/zonaroja.com.mx\/index.php?rest_route=\/wp\/v2\/media\/39306"}],"wp:attachment":[{"href":"https:\/\/zonaroja.com.mx\/index.php?rest_route=%2Fwp%2Fv2%2Fmedia&parent=39305"}],"wp:term":[{"taxonomy":"category","embeddable":true,"href":"https:\/\/zonaroja.com.mx\/index.php?rest_route=%2Fwp%2Fv2%2Fcategories&post=39305"},{"taxonomy":"post_tag","embeddable":true,"href":"https:\/\/zonaroja.com.mx\/index.php?rest_route=%2Fwp%2Fv2%2Ftags&post=39305"}],"curies":[{"name":"wp","href":"https:\/\/api.w.org\/{rel}","templated":true}]}}