{"id":39308,"date":"2022-03-28T22:05:17","date_gmt":"2022-03-29T04:05:17","guid":{"rendered":"http:\/\/www.zonaroja.com.mx\/?p=39308"},"modified":"2022-03-28T22:05:20","modified_gmt":"2022-03-29T04:05:20","slug":"por-desabasto-organizaciones-campesinas-toma-oficinas-de-segalmex-en-oaxaca","status":"publish","type":"post","link":"https:\/\/zonaroja.com.mx\/?p=39308","title":{"rendered":"Por desabasto, organizaciones campesinas \u201ctoma\u201d oficinas de Segalmex en Oaxaca"},"content":{"rendered":"\n<p>Yuridiana Sosa\/Zona Roja.<\/p>\n\n\n\n<p>Oaxaca de Ju\u00e1rez, Oax., 28 de marzo de 2022.- Organizaciones campesinas de Oaxaca se apoderaron este inicio de semana de las oficinas de Seguridad Alimentaria de M\u00e9xico (Segalmex), de la que depende Diconsa, en Oaxaca para denunciar desabasto de granos, altos costos de productos y exigir apertura de m\u00e1s bodegas.<\/p>\n\n\n\n<p>Representantes de unas 25 organizaciones de Oaxaca, principalmente de los Valles Centrales, arribaron esta ma\u00f1ana para cerrar el inmueble que ocupa la dependencia federal, ubicado sobre la carretera federal Oaxaca-M\u00e9xico en la agencia de Santa Rosa Panzacola.<\/p>\n\n\n\n<p>El portavoz de los Consejos Comunitarios de Abastos, Jos\u00e9 Luis Mor\u00e1n Ram\u00edrez, se\u00f1al\u00f3 que en diversas comunidades existe desabasto de ma\u00edz en las comunidades, producto de la p\u00e9sima log\u00edstica de Diconsa para que los productos lleguen a tiempo a los centros comunitarios.<\/p>\n\n\n\n<figure class=\"wp-block-embed is-type-rich is-provider-twitter wp-block-embed-twitter\"><div class=\"wp-block-embed__wrapper\">\n<div class=\"twitter-tweet\"><blockquote class=\"twitter-tweet\" data-lang=\"es\"><p lang=\"es\" dir=\"ltr\"><a href=\"https:\/\/twitter.com\/hashtag\/ENVIVO?src=hash&amp;ref_src=twsrc%5Etfw\">#ENVIVO<\/a><br>Oaxaca de Ju\u00e1rez, Oax., 28 de marzo de 2022.- Organizaciones campesinas cierran oficinas de la Segalmex-Diconsa (Seguridad Alimentaria <a href=\"https:\/\/twitter.com\/SegalmexDiconsa?ref_src=twsrc%5Etfw\">@SegalmexDiconsa<\/a>), para exigir semillas.<br>Siga aqu\u00ed la transmisi\u00f3n:<br>\ud83d\udc47<a href=\"https:\/\/t.co\/s6jqjWRZJE\">https:\/\/t.co\/s6jqjWRZJE<\/a> <a href=\"https:\/\/t.co\/LTUhHzugOl\">pic.twitter.com\/LTUhHzugOl<\/a><\/p>&mdash; Zona Roja Oaxaca (@ZonaRoja_Oaxaca) <a href=\"https:\/\/twitter.com\/ZonaRoja_Oaxaca\/status\/1508523716338143237?ref_src=twsrc%5Etfw\">28 de marzo de 2022<\/a><\/blockquote><\/div>\n<\/div><\/figure>\n\n\n\n<p>Pero, adem\u00e1s, los productos que comercializa Diconsa son caros, por lo que no representa ninguna ayuda para los bolsillos de las familias vulnerables econ\u00f3micamente.<\/p>\n\n\n\n<p>Ante ese escenario exigieron a Segalmex que habilite las bodegas de acopio de Santo Domingo Barrio Bajo, de Etla, y Magdalena Apasco, como funcionaba durante el periodo de gobierno del Partido Revolucionario Institucional (PRI), pues ahora solo funciona una, lo que hace m\u00e1s tard\u00edo el reparto a las comunidades.<\/p>\n\n\n\n<p>Tambi\u00e9n demandaron al director regional de Diconsa en Oaxaca, Felipe Santiago Luis, que se liberen contratos para personal comunitario y sean tomados en cuenta para los puestos dentro de la dependencia, pues conocen mejor las necesidades de la poblaci\u00f3n.<\/p>\n\n\n\n<p>Los manifestantes argumentaron que actualmente Diconsa opera corrupci\u00f3n y saqueo a las comunidades, por lo que tambi\u00e9n exigen un informe de los que ocurre con los programas en Oaxaca.<\/p>\n","protected":false},"excerpt":{"rendered":"<p>Yuridiana Sosa\/Zona Roja. Oaxaca de Ju\u00e1rez, Oax., 28 de marzo de 2022.- Organizaciones campesinas de&hellip;<\/p>\n","protected":false},"author":2,"featured_media":39309,"comment_status":"closed","ping_status":"open","sticky":false,"template":"","format":"standard","meta":{"_lmt_disableupdate":"","_lmt_disable":"","_jetpack_memberships_contains_paid_content":false,"footnotes":""},"categories":[109,47],"tags":[],"class_list":["post-39308","post","type-post","status-publish","format-standard","has-post-thumbnail","hentry","category-minuto-a-minuto","category-zona-gris"],"jetpack_featured_media_url":"https:\/\/zonaroja.com.mx\/wp-content\/uploads\/2022\/03\/Protesta-Segalmex-Oaxaca.jpg","jetpack_sharing_enabled":true,"_links":{"self":[{"href":"https:\/\/zonaroja.com.mx\/index.php?rest_route=\/wp\/v2\/posts\/39308","targetHints":{"allow":["GET"]}}],"collection":[{"href":"https:\/\/zonaroja.com.mx\/index.php?rest_route=\/wp\/v2\/posts"}],"about":[{"href":"https:\/\/zonaroja.com.mx\/index.php?rest_route=\/wp\/v2\/types\/post"}],"author":[{"embeddable":true,"href":"https:\/\/zonaroja.com.mx\/index.php?rest_route=\/wp\/v2\/users\/2"}],"replies":[{"embeddable":true,"href":"https:\/\/zonaroja.com.mx\/index.php?rest_route=%2Fwp%2Fv2%2Fcomments&post=39308"}],"version-history":[{"count":1,"href":"https:\/\/zonaroja.com.mx\/index.php?rest_route=\/wp\/v2\/posts\/39308\/revisions"}],"predecessor-version":[{"id":39310,"href":"https:\/\/zonaroja.com.mx\/index.php?rest_route=\/wp\/v2\/posts\/39308\/revisions\/39310"}],"wp:featuredmedia":[{"embeddable":true,"href":"https:\/\/zonaroja.com.mx\/index.php?rest_route=\/wp\/v2\/media\/39309"}],"wp:attachment":[{"href":"https:\/\/zonaroja.com.mx\/index.php?rest_route=%2Fwp%2Fv2%2Fmedia&parent=39308"}],"wp:term":[{"taxonomy":"category","embeddable":true,"href":"https:\/\/zonaroja.com.mx\/index.php?rest_route=%2Fwp%2Fv2%2Fcategories&post=39308"},{"taxonomy":"post_tag","embeddable":true,"href":"https:\/\/zonaroja.com.mx\/index.php?rest_route=%2Fwp%2Fv2%2Ftags&post=39308"}],"curies":[{"name":"wp","href":"https:\/\/api.w.org\/{rel}","templated":true}]}}