{"id":39311,"date":"2022-03-28T22:11:29","date_gmt":"2022-03-29T04:11:29","guid":{"rendered":"http:\/\/www.zonaroja.com.mx\/?p=39311"},"modified":"2022-03-28T22:11:31","modified_gmt":"2022-03-29T04:11:31","slug":"con-19-contagios-y-cero-decesos-por-covid-inicia-oaxaca-la-semana","status":"publish","type":"post","link":"https:\/\/zonaroja.com.mx\/?p=39311","title":{"rendered":"Con 19 contagios y cero decesos por Covid, inicia Oaxaca la semana"},"content":{"rendered":"\n<p>Redacci\u00f3n\/Zona Roja.<\/p>\n\n\n\n<p>Oaxaca de Ju\u00e1rez, Oax. 28 de marzo de 2022.- Los Servicios de Salud de Oaxaca (SSO), reportan que de acuerdo con el panorama estatal de Covid-19 en la entidad, este 28 de marzo, se notificaron 19 casos nuevos, que suman 119 mil 334 positivos acumulados, y la cifra de mortalidad se mantiene en seis mil 138, al no notificar este d\u00eda nuevos fallecimientos.<\/p>\n\n\n\n<p>Valles Centrales contabiliz\u00f3 este lunes 72 mil 911 casos confirmados y dos mil 675 defunciones, Istmo 16 mil 665 confirmados y mil 349 defunciones, Tuxtepec ocho mil 896 confirmados y 619 defunciones, Costa ocho mil 285 confirmados y 510 defunciones, Mixteca ocho mil 740 confirmados y 640 defunciones, Sierra tres mil 837 confirmados y 345 defunciones.<\/p>\n\n\n\n<p>Los 19 casos nuevos, afectan a cinco municipios: Santiago Pinotepa Nacional con 13 positivos, Oaxaca de Ju\u00e1rez y Salina Cruz con dos casos respectivamente, as\u00ed como Santa Catarina Mechoac\u00e1n con uno confirmado e igual n\u00famero en Santo Domingo Tehuantepec.<\/p>\n\n\n\n<figure class=\"wp-block-embed is-type-rich is-provider-twitter wp-block-embed-twitter\"><div class=\"wp-block-embed__wrapper\">\n<div class=\"twitter-tweet\"><blockquote class=\"twitter-tweet\" data-lang=\"es\"><p lang=\"es\" dir=\"ltr\"><a href=\"https:\/\/twitter.com\/hashtag\/%C3%9AltimoMinuto?src=hash&amp;ref_src=twsrc%5Etfw\">#\u00daltimoMinuto<\/a><br>Este lunes, los Servicios de Salud de Oaxaca reportaron 19 contagios de Covid-19, 0 defunciones y 226 casos activos.<br>A la fecha suman 119 mil 334 casos confirmados y 6 mil 138 decesos.<br>Hay 5 nosocomios saturados y la ocupaci\u00f3n hospitalaria es de 10.4%. <a href=\"https:\/\/t.co\/LhfYpa4aA1\">pic.twitter.com\/LhfYpa4aA1<\/a><\/p>&mdash; Zona Roja Oaxaca (@ZonaRoja_Oaxaca) <a href=\"https:\/\/twitter.com\/ZonaRoja_Oaxaca\/status\/1508633091694333961?ref_src=twsrc%5Etfw\">29 de marzo de 2022<\/a><\/blockquote><\/div>\n<\/div><\/figure>\n\n\n\n<p>La pandemia en Oaxaca se encuentra activa en 47 localidades con un global de 226 casos, de esta cifra 92 corresponde a Valles Centrales, 67 al Istmo, 38 a Tuxtepec, 22 a la Costa, siete a la Mixteca y la Sierra no presenta casos.<\/p>\n\n\n\n<p>En esta jornada no se report\u00f3 ning\u00fan ingreso nuevo hospitalario, por lo cual, la cifra de camas ocupadas prevalece en 38, de un total de 365 y hay disponibles 327; con cinco hospitales al 100% de ocupaci\u00f3n y un global de 89.6% de disponibilidad hospitalaria.<\/p>\n\n\n\n<p>En este sentido, la instituci\u00f3n exhort\u00f3 a la poblaci\u00f3n en general y autoridades municipales, a continuar implementando las acciones sanitarias para mantener a la baja la incidencia de contagios, como son: respetar la sana distancia, usar el cubrebocas de forma correcta que cubra nariz, boca y ment\u00f3n, evitar los lugares concurridos o en interiores con poca ventilaci\u00f3n, adem\u00e1s de lavarse las manos con agua y jab\u00f3n frecuentemente.<\/p>\n","protected":false},"excerpt":{"rendered":"<p>Redacci\u00f3n\/Zona Roja. Oaxaca de Ju\u00e1rez, Oax. 28 de marzo de 2022.- Los Servicios de Salud&hellip;<\/p>\n","protected":false},"author":2,"featured_media":39312,"comment_status":"closed","ping_status":"open","sticky":false,"template":"","format":"standard","meta":{"_lmt_disableupdate":"","_lmt_disable":"","_jetpack_memberships_contains_paid_content":false,"footnotes":""},"categories":[109,47],"tags":[1512],"class_list":["post-39311","post","type-post","status-publish","format-standard","has-post-thumbnail","hentry","category-minuto-a-minuto","category-zona-gris","tag-coronavirus-oaxaca"],"jetpack_featured_media_url":"https:\/\/zonaroja.com.mx\/wp-content\/uploads\/2022\/03\/Casos-Covid-Oaxaca.jpg","jetpack_sharing_enabled":true,"_links":{"self":[{"href":"https:\/\/zonaroja.com.mx\/index.php?rest_route=\/wp\/v2\/posts\/39311","targetHints":{"allow":["GET"]}}],"collection":[{"href":"https:\/\/zonaroja.com.mx\/index.php?rest_route=\/wp\/v2\/posts"}],"about":[{"href":"https:\/\/zonaroja.com.mx\/index.php?rest_route=\/wp\/v2\/types\/post"}],"author":[{"embeddable":true,"href":"https:\/\/zonaroja.com.mx\/index.php?rest_route=\/wp\/v2\/users\/2"}],"replies":[{"embeddable":true,"href":"https:\/\/zonaroja.com.mx\/index.php?rest_route=%2Fwp%2Fv2%2Fcomments&post=39311"}],"version-history":[{"count":1,"href":"https:\/\/zonaroja.com.mx\/index.php?rest_route=\/wp\/v2\/posts\/39311\/revisions"}],"predecessor-version":[{"id":39313,"href":"https:\/\/zonaroja.com.mx\/index.php?rest_route=\/wp\/v2\/posts\/39311\/revisions\/39313"}],"wp:featuredmedia":[{"embeddable":true,"href":"https:\/\/zonaroja.com.mx\/index.php?rest_route=\/wp\/v2\/media\/39312"}],"wp:attachment":[{"href":"https:\/\/zonaroja.com.mx\/index.php?rest_route=%2Fwp%2Fv2%2Fmedia&parent=39311"}],"wp:term":[{"taxonomy":"category","embeddable":true,"href":"https:\/\/zonaroja.com.mx\/index.php?rest_route=%2Fwp%2Fv2%2Fcategories&post=39311"},{"taxonomy":"post_tag","embeddable":true,"href":"https:\/\/zonaroja.com.mx\/index.php?rest_route=%2Fwp%2Fv2%2Ftags&post=39311"}],"curies":[{"name":"wp","href":"https:\/\/api.w.org\/{rel}","templated":true}]}}