{"id":39317,"date":"2022-03-29T07:33:55","date_gmt":"2022-03-29T13:33:55","guid":{"rendered":"http:\/\/www.zonaroja.com.mx\/?p=39317"},"modified":"2022-03-29T07:33:56","modified_gmt":"2022-03-29T13:33:56","slug":"en-presunto-asalto-asesinan-a-individuo-en-limites-de-oaxaca-de-juarez","status":"publish","type":"post","link":"https:\/\/zonaroja.com.mx\/?p=39317","title":{"rendered":"En presunto asalto, asesinan a individuo en l\u00edmites de Oaxaca de Ju\u00e1rez"},"content":{"rendered":"\n<p>Ismael Garc\u00eda M.\/Zona Roja.<\/p>\n\n\n\n<p>Oaxaca de Ju\u00e1rez, Oax., 29 de marzo de 2022.- Por un presunto asalto, el chofer de un veh\u00edculo de mercanc\u00edas fue asesinado la ma\u00f1ana de este martes, en los l\u00edmites de la ciudad de Oaxaca con San Jacinto Amilpas.<\/p>\n\n\n\n<p>Fue alrededor de las 06:00 horas en que sujetos armados interceptaron al chofer de una camioneta cerrada marca Izuzu, sobre la carretera de las riberas del r\u00edo \u201cAtoyac\u201d; al oponer resistencia, le dispararon.<\/p>\n\n\n\n<p>La v\u00edctima a\u00fan no ha sido identificada y personal de la Fiscal\u00eda General del Estado de Oaxaca se encuentra en la zona.<\/p>\n\n\n\n<figure class=\"wp-block-embed is-type-rich is-provider-twitter wp-block-embed-twitter\"><div class=\"wp-block-embed__wrapper\">\n<div class=\"twitter-tweet\"><blockquote class=\"twitter-tweet\" data-lang=\"es\"><p lang=\"es\" dir=\"ltr\"><a href=\"https:\/\/twitter.com\/hashtag\/%C3%9AltimoMinuto?src=hash&amp;ref_src=twsrc%5Etfw\">#\u00daltimoMinuto<\/a> <br>Una persona fue ejecutada a balazos esta ma\u00f1ana en el interior de su veh\u00edculo, en la carretera de las riberas del r\u00edo \u201cAtoyac\u201d, tramo entre la ciudad de <a href=\"https:\/\/twitter.com\/hashtag\/Oaxaca?src=hash&amp;ref_src=twsrc%5Etfw\">#Oaxaca<\/a> y San Jacinto Amilpas, en la parte poniente de la capital. <a href=\"https:\/\/t.co\/gRyqhg1rzK\">pic.twitter.com\/gRyqhg1rzK<\/a><\/p>&mdash; Zona Roja Oaxaca (@ZonaRoja_Oaxaca) <a href=\"https:\/\/twitter.com\/ZonaRoja_Oaxaca\/status\/1508790293499420682?ref_src=twsrc%5Etfw\">29 de marzo de 2022<\/a><\/blockquote><\/div>\n<\/div><\/figure>\n\n\n\n<p>OTRO EN HUIXTEPEC<\/p>\n\n\n\n<p>Por otra parte, la noche del domingo, una persona adulta, del sexo masculino, fue atacada a balazos en su domicilio, en el municipio de San Pablo Huixtepec, en la regi\u00f3n Valles Centrales, tras lo cual perdi\u00f3 la vida.<\/p>\n\n\n\n<p>Se trata de Macario R. P., de 65 a\u00f1os de edad, quien ten\u00eda su domicilio en el barrio San Antonio, a donde llegaron a tocar su puerta; al salir, fue ultimado a balazos.<\/p>\n\n\n\n<p>CAPITAL INSEGURA<\/p>\n\n\n\n<p>Por otra parte, ayer por la tarde y en el exterior de la iglesia de La Merced de la ciudad de Oaxaca, una persona del sexo masculino fue agredida con arma blanca; una de las heridas fue en el cuello.<\/p>\n\n\n\n<p>El lesionado fue identificado como Manuel S., de 60 a\u00f1os de edad, quien dijo desconocer qui\u00e9n o qui\u00e9nes lo atacaron, tras lo cual huyeron. Fue trasladado por personal de la Cruz Roja Mexicana a un hospital.<\/p>\n\n\n\n<p>M\u00c1S VIOLENCIA<\/p>\n\n\n\n<p>En la capital oaxaque\u00f1a se han registrado una serie de hechos violentos, el m\u00e1s reciente, el de la avenida S\u00edmbolos Patrios, a la altura de la colonia Alem\u00e1n, la madrugada del domingo, en que un individuo fue atacado a pu\u00f1aladas, en un presunto asalto.<\/p>\n\n\n\n<p>Ricardo A. G., de 21 a\u00f1os de edad, dijo que lo atacaron para asaltarlo, al quitarle pertenencias personales.<\/p>\n","protected":false},"excerpt":{"rendered":"<p>Ismael Garc\u00eda M.\/Zona Roja. Oaxaca de Ju\u00e1rez, Oax., 29 de marzo de 2022.- Por un&hellip;<\/p>\n","protected":false},"author":2,"featured_media":39318,"comment_status":"closed","ping_status":"open","sticky":false,"template":"","format":"standard","meta":{"_lmt_disableupdate":"","_lmt_disable":"","_jetpack_memberships_contains_paid_content":false,"footnotes":""},"categories":[109,51],"tags":[77],"class_list":["post-39317","post","type-post","status-publish","format-standard","has-post-thumbnail","hentry","category-minuto-a-minuto","category-zona-roja","tag-san-jacinto-amilpas"],"jetpack_featured_media_url":"https:\/\/zonaroja.com.mx\/wp-content\/uploads\/2022\/03\/Asesinado-ciudad-de-Oaxaca-San-Jacinto-Amilpas.jpg","jetpack_sharing_enabled":true,"_links":{"self":[{"href":"https:\/\/zonaroja.com.mx\/index.php?rest_route=\/wp\/v2\/posts\/39317","targetHints":{"allow":["GET"]}}],"collection":[{"href":"https:\/\/zonaroja.com.mx\/index.php?rest_route=\/wp\/v2\/posts"}],"about":[{"href":"https:\/\/zonaroja.com.mx\/index.php?rest_route=\/wp\/v2\/types\/post"}],"author":[{"embeddable":true,"href":"https:\/\/zonaroja.com.mx\/index.php?rest_route=\/wp\/v2\/users\/2"}],"replies":[{"embeddable":true,"href":"https:\/\/zonaroja.com.mx\/index.php?rest_route=%2Fwp%2Fv2%2Fcomments&post=39317"}],"version-history":[{"count":1,"href":"https:\/\/zonaroja.com.mx\/index.php?rest_route=\/wp\/v2\/posts\/39317\/revisions"}],"predecessor-version":[{"id":39319,"href":"https:\/\/zonaroja.com.mx\/index.php?rest_route=\/wp\/v2\/posts\/39317\/revisions\/39319"}],"wp:featuredmedia":[{"embeddable":true,"href":"https:\/\/zonaroja.com.mx\/index.php?rest_route=\/wp\/v2\/media\/39318"}],"wp:attachment":[{"href":"https:\/\/zonaroja.com.mx\/index.php?rest_route=%2Fwp%2Fv2%2Fmedia&parent=39317"}],"wp:term":[{"taxonomy":"category","embeddable":true,"href":"https:\/\/zonaroja.com.mx\/index.php?rest_route=%2Fwp%2Fv2%2Fcategories&post=39317"},{"taxonomy":"post_tag","embeddable":true,"href":"https:\/\/zonaroja.com.mx\/index.php?rest_route=%2Fwp%2Fv2%2Ftags&post=39317"}],"curies":[{"name":"wp","href":"https:\/\/api.w.org\/{rel}","templated":true}]}}