{"id":39320,"date":"2022-03-29T07:57:08","date_gmt":"2022-03-29T13:57:08","guid":{"rendered":"http:\/\/www.zonaroja.com.mx\/?p=39320"},"modified":"2022-03-29T07:57:10","modified_gmt":"2022-03-29T13:57:10","slug":"evalua-poder-judicial-de-oaxaca-resultados-del-centro-de-justicia-alternativa","status":"publish","type":"post","link":"https:\/\/zonaroja.com.mx\/?p=39320","title":{"rendered":"Eval\u00faa Poder Judicial de Oaxaca resultados del Centro de Justicia Alternativa"},"content":{"rendered":"\n<p>Redacci\u00f3n\/Zona Roja.<\/p>\n\n\n\n<p>Oaxaca de Ju\u00e1rez, Oax., 29 de marzo de 2022.- Para fortalecer el trabajo&nbsp;del Centro de Justicia Alternativa del Poder Judicial del Estado,&nbsp;que inici\u00f3 funciones en la entidad en julio del 2002 como Centro de Mediaci\u00f3n Judicial y&nbsp;fue uno de los pioneros&nbsp;en el pa\u00eds en fomentar en la sociedad una transformaci\u00f3n hacia la cultura de la&nbsp;paz, el di\u00e1logo y la conciliaci\u00f3n, se realiz\u00f3 una reuni\u00f3n de trabajo en la que se evaluaron los avances y resultados que ha obtenido en el servicio que brinda a la sociedad.<\/p>\n\n\n\n<p>El encuentro&nbsp;fue&nbsp;encabezado por el magistrado presidente, Eduardo Pinacho&nbsp;S\u00e1nchez y la directora del \u00e1rea, licenciada&nbsp;Betzzaida Cruz Mendoza,&nbsp;quienes con&nbsp;mediadoras y mediadores&nbsp;-que&nbsp;son los&nbsp;profesionales especializados que facilitan el di\u00e1logo entre las partes del conflicto para que encuentren una soluci\u00f3n-, revisaron las estad\u00edsticas y efectividad de los procedimientos que se implementaron principalmente en el periodo de contingencia sanitaria por Covid-19.<\/p>\n\n\n\n<p>En su intervenci\u00f3n, el titular del Poder Judicial reconoci\u00f3 el compromiso y responsabilidad del personal que contribuye&nbsp;con su labor&nbsp;a impulsar&nbsp;las bases de una justicia dialogada, democr\u00e1tica y transparente que&nbsp;fomente&nbsp;una cultura de la paz en la sociedad y&nbsp;las personas involucradas no tengan que llegar hasta&nbsp;un juez, por lo cual&nbsp;les exhort\u00f3 a&nbsp;reforzar el trabajo del Centro de Justicia Alternativa.<\/p>\n\n\n\n<p>Por su parte, la licenciada&nbsp;Betzzaida Cruz Mendoza&nbsp;mencion\u00f3 que se construyen redes interinstitucionales y de colaboraci\u00f3n con la sociedad civil organizada, como son los colegios de notarios,&nbsp;Comisi\u00f3n Estatal de Arbitraje M\u00e9dico&nbsp;e&nbsp;instituciones educativas a fin de&nbsp;fomentar las bondades de los Mecanismos Alternativos de Soluci\u00f3n de Controversias&nbsp;en todos los \u00e1mbitos.&nbsp;<\/p>\n\n\n\n<p>En la reuni\u00f3n de trabajo&nbsp;el Magistrado Presidente atendi\u00f3 cada uno de los planteamientos de las y los mediadores, as\u00ed como puntos de coincidencia sobre el proceso que realizan para lograr acuerdos reparatorios&nbsp;en los diferentes casos.&nbsp;&nbsp; &nbsp; &nbsp; &nbsp; &nbsp; &nbsp; &nbsp; &nbsp; &nbsp; &nbsp; &nbsp; &nbsp; &nbsp; &nbsp; &nbsp; &nbsp; &nbsp; &nbsp; &nbsp;&nbsp;<\/p>\n\n\n\n<p>Cabe se\u00f1alar que&nbsp;los&nbsp;Mecanismos Alternativos de Soluci\u00f3n de Conflictos&nbsp;se aplican en asuntos espec\u00edficos de naturaleza civil, familiar, mercantil, vecinal y penal, en una forma distinta, donde la herramienta inmediata es el di\u00e1logo y se procura&nbsp;en todo momento la comunicaci\u00f3n asertiva, positiva, propositiva y con respeto.<\/p>\n","protected":false},"excerpt":{"rendered":"<p>Redacci\u00f3n\/Zona Roja. Oaxaca de Ju\u00e1rez, Oax., 29 de marzo de 2022.- Para fortalecer el trabajo&nbsp;del&hellip;<\/p>\n","protected":false},"author":2,"featured_media":39321,"comment_status":"closed","ping_status":"open","sticky":false,"template":"","format":"standard","meta":{"_lmt_disableupdate":"","_lmt_disable":"","_jetpack_memberships_contains_paid_content":false,"footnotes":""},"categories":[109,46],"tags":[223],"class_list":["post-39320","post","type-post","status-publish","format-standard","has-post-thumbnail","hentry","category-minuto-a-minuto","category-zona-blanca","tag-poder-judicial-de-oaxaca"],"jetpack_featured_media_url":"https:\/\/zonaroja.com.mx\/wp-content\/uploads\/2022\/03\/Reunion-Poder-Judicial.jpg","jetpack_sharing_enabled":true,"_links":{"self":[{"href":"https:\/\/zonaroja.com.mx\/index.php?rest_route=\/wp\/v2\/posts\/39320","targetHints":{"allow":["GET"]}}],"collection":[{"href":"https:\/\/zonaroja.com.mx\/index.php?rest_route=\/wp\/v2\/posts"}],"about":[{"href":"https:\/\/zonaroja.com.mx\/index.php?rest_route=\/wp\/v2\/types\/post"}],"author":[{"embeddable":true,"href":"https:\/\/zonaroja.com.mx\/index.php?rest_route=\/wp\/v2\/users\/2"}],"replies":[{"embeddable":true,"href":"https:\/\/zonaroja.com.mx\/index.php?rest_route=%2Fwp%2Fv2%2Fcomments&post=39320"}],"version-history":[{"count":1,"href":"https:\/\/zonaroja.com.mx\/index.php?rest_route=\/wp\/v2\/posts\/39320\/revisions"}],"predecessor-version":[{"id":39322,"href":"https:\/\/zonaroja.com.mx\/index.php?rest_route=\/wp\/v2\/posts\/39320\/revisions\/39322"}],"wp:featuredmedia":[{"embeddable":true,"href":"https:\/\/zonaroja.com.mx\/index.php?rest_route=\/wp\/v2\/media\/39321"}],"wp:attachment":[{"href":"https:\/\/zonaroja.com.mx\/index.php?rest_route=%2Fwp%2Fv2%2Fmedia&parent=39320"}],"wp:term":[{"taxonomy":"category","embeddable":true,"href":"https:\/\/zonaroja.com.mx\/index.php?rest_route=%2Fwp%2Fv2%2Fcategories&post=39320"},{"taxonomy":"post_tag","embeddable":true,"href":"https:\/\/zonaroja.com.mx\/index.php?rest_route=%2Fwp%2Fv2%2Ftags&post=39320"}],"curies":[{"name":"wp","href":"https:\/\/api.w.org\/{rel}","templated":true}]}}