{"id":39325,"date":"2022-03-29T08:05:42","date_gmt":"2022-03-29T14:05:42","guid":{"rendered":"http:\/\/www.zonaroja.com.mx\/?p=39325"},"modified":"2022-03-29T08:10:08","modified_gmt":"2022-03-29T14:10:08","slug":"reves-al-fiscal-de-la-republica-liberan-a-quien-acusaba-de-homicidio","status":"publish","type":"post","link":"https:\/\/zonaroja.com.mx\/?p=39325","title":{"rendered":"Rev\u00e9s al fiscal de la Rep\u00fablica: liberan a quien acusaba de homicidio"},"content":{"rendered":"\n<p>Redacci\u00f3n\/Zona Roja.<\/p>\n\n\n\n<p>Oaxaca de Ju\u00e1rez, Oax., 29 de marzo de 2022.- Por unanimidad, la Suprema Corte de Justicia de la Naci\u00f3n (SCJN) orden\u00f3 la inmediata libertad de Alejandra Cuevas y anul\u00f3 la orden de aprehensi\u00f3n contra Laura Mor\u00e1n, a quienes el titular de la Fiscal\u00eda General de la Rep\u00fablica, Alejandro Gertz Manero, acusaba por el homicidio de su hermano Federico por falta de cuidados.<\/p>\n\n\n\n<p>El proyecto de sentencia fue elaborado por el ministro Alfredo Guti\u00e9rrez Ortiz Mena y en \u00e9l se afirma que \u201cno hay material probatorio\u201d para sostener las acusaciones en contra de ambas mujeres.<\/p>\n\n\n\n<p>En el caso de Laura Mor\u00e1n, quien era pareja de Federico Gertz cuando enferm\u00f3 y muri\u00f3, se se\u00f1al\u00f3 que al momento de los hechos ten\u00eda 88 a\u00f1os de edad y era incapaz de hacerse cargo de su cuidado, por lo cual contrat\u00f3 a dos enfermeros y en todo momento inform\u00f3 a su hermano Alejandro del estado de salud del paciente.<\/p>\n\n\n\n<p>\u201cLa quejosa hizo lo que estaba a su alcance de acuerdo con su edad y capacidad econ\u00f3mica\u201d, se\u00f1al\u00f3 en su oportunidad la ministra Yasm\u00edn Esquivel. En el caso de Cuevas, quien estaba presa en el penal femenil de Santa Martha Acatitla, los ministros coincidieron en que no hay elementos para se\u00f1alarla como \u201cgarante accesoria\u201d en la responsabilidad de cuidar a Federico Gertz, ya que este tipo penal simplemente no existe en el C\u00f3digo Penal de la Ciudad de M\u00e9xico.<\/p>\n\n\n\n<p>La ministra Margarita R\u00edos Farjat sostuvo que no es posible atribuir a Cuevas ninguna acci\u00f3n que haya derivado en el fallecimiento que se le imputa: \u201cBastar\u00eda con reiterar que el contenido de las pruebas, aun en su m\u00e1ximo alcance probatorio, no son aptas para acreditar que la quejosa auxili\u00f3 para que se considerara la existencia de una conducta generalizada de desatenci\u00f3n a la persona enferma, que produjera su lamentable fallecimiento\u201d.<\/p>\n\n\n\n<p>Por su parte, Juan Luis Gonz\u00e1lez Alc\u00e1ntara propuso que Cuevas fuera reconocida como v\u00edctima de una acci\u00f3n irregular de las autoridades; sin embargo, su propuesta no fue secundada.<\/p>\n\n\n\n<p>El pleno de ministros tom\u00f3 la decisi\u00f3n por unanimidad, incluso con el voto a favor del ministro Alberto P\u00e9rez Day\u00e1n, quien en la primera ocasi\u00f3n que se discuti\u00f3 el tema propuso un proyecto de amparo s\u00f3lo para efectos.<\/p>\n\n\n\n<p>La SCJN orden\u00f3 notificar de inmediato su resoluci\u00f3n a las autoridades del penal de Santa Martha Acatitla para que se liberara de inmediato a Alejandra Cuevas.<\/p>\n\n\n\n<p>Consultadas sobre el fallo, fuentes de la Fiscal\u00eda afirmaron que Gertz no har\u00eda ning\u00fan comentario, ya que se trataba de un asunto de su \u00e1mbito personal.<\/p>\n\n\n\n<p>(Informaci\u00f3n del diario \u00abLa Jornada\u00bb)<\/p>\n","protected":false},"excerpt":{"rendered":"<p>Redacci\u00f3n\/Zona Roja. Oaxaca de Ju\u00e1rez, Oax., 29 de marzo de 2022.- Por unanimidad, la Suprema&hellip;<\/p>\n","protected":false},"author":2,"featured_media":39326,"comment_status":"closed","ping_status":"open","sticky":false,"template":"","format":"standard","meta":{"_lmt_disableupdate":"","_lmt_disable":"","_jetpack_memberships_contains_paid_content":false,"footnotes":""},"categories":[109,47],"tags":[1266],"class_list":["post-39325","post","type-post","status-publish","format-standard","has-post-thumbnail","hentry","category-minuto-a-minuto","category-zona-gris","tag-alejandro-gertz-manero"],"jetpack_featured_media_url":"https:\/\/zonaroja.com.mx\/wp-content\/uploads\/2022\/03\/Alejandra-Cuevas-caso-Gertz.jpeg","jetpack_sharing_enabled":true,"_links":{"self":[{"href":"https:\/\/zonaroja.com.mx\/index.php?rest_route=\/wp\/v2\/posts\/39325","targetHints":{"allow":["GET"]}}],"collection":[{"href":"https:\/\/zonaroja.com.mx\/index.php?rest_route=\/wp\/v2\/posts"}],"about":[{"href":"https:\/\/zonaroja.com.mx\/index.php?rest_route=\/wp\/v2\/types\/post"}],"author":[{"embeddable":true,"href":"https:\/\/zonaroja.com.mx\/index.php?rest_route=\/wp\/v2\/users\/2"}],"replies":[{"embeddable":true,"href":"https:\/\/zonaroja.com.mx\/index.php?rest_route=%2Fwp%2Fv2%2Fcomments&post=39325"}],"version-history":[{"count":2,"href":"https:\/\/zonaroja.com.mx\/index.php?rest_route=\/wp\/v2\/posts\/39325\/revisions"}],"predecessor-version":[{"id":39330,"href":"https:\/\/zonaroja.com.mx\/index.php?rest_route=\/wp\/v2\/posts\/39325\/revisions\/39330"}],"wp:featuredmedia":[{"embeddable":true,"href":"https:\/\/zonaroja.com.mx\/index.php?rest_route=\/wp\/v2\/media\/39326"}],"wp:attachment":[{"href":"https:\/\/zonaroja.com.mx\/index.php?rest_route=%2Fwp%2Fv2%2Fmedia&parent=39325"}],"wp:term":[{"taxonomy":"category","embeddable":true,"href":"https:\/\/zonaroja.com.mx\/index.php?rest_route=%2Fwp%2Fv2%2Fcategories&post=39325"},{"taxonomy":"post_tag","embeddable":true,"href":"https:\/\/zonaroja.com.mx\/index.php?rest_route=%2Fwp%2Fv2%2Ftags&post=39325"}],"curies":[{"name":"wp","href":"https:\/\/api.w.org\/{rel}","templated":true}]}}