{"id":39328,"date":"2022-03-29T08:09:21","date_gmt":"2022-03-29T14:09:21","guid":{"rendered":"http:\/\/www.zonaroja.com.mx\/?p=39328"},"modified":"2022-03-29T08:09:22","modified_gmt":"2022-03-29T14:09:22","slug":"el-tepjf-declara-inaplicable-decreto-interpretativo-para-revocacion-de-mandato","status":"publish","type":"post","link":"https:\/\/zonaroja.com.mx\/?p=39328","title":{"rendered":"El TEPJF declara inaplicable decreto interpretativo para revocaci\u00f3n de mandato"},"content":{"rendered":"\n<p>Redacci\u00f3n\/Zona Roja Cdmx.<\/p>\n\n\n\n<p>Ciudad de M\u00e9xico, 29 de marzo de 2022.- En sesi\u00f3n privada y por mayor\u00eda de votos, la Sala Superior del Tribunal Electoral del Poder Judicial de la Federaci\u00f3n (TEPJF) declar\u00f3 inaplicable el decreto de interpretaci\u00f3n aut\u00e9ntica del concepto de \u201cpropaganda gubernamental\u201d, dentro del procedimiento de revocaci\u00f3n de mandato.<\/p>\n\n\n\n<p>Los magistrados M\u00f3nica Soto Fregoso y Jos\u00e9 Luis Vargas Valdez votaron en contra de inaplicar el decreto interpretativo que aprob\u00f3 una mayor\u00eda de legisladores de Morena y aliados en el Congreso.<\/p>\n\n\n\n<p>Sin embargo, por mayor\u00eda de magistrados, a propuesta del magistrado Felipe de la Mata Piza\u00f1a, la mayor\u00eda de magistrados votaron en favor de inaplicar el decreto al considerar en virtud de la cercan\u00eda de la jornada electoral de votaci\u00f3n de revocaci\u00f3n de mandato y para efecto de dar certeza a los actores pol\u00edticos, ciudadan\u00eda y autoridades.<\/p>\n\n\n\n<p>El Tribunal determin\u00f3 que el decreto de interpretaci\u00f3n aut\u00e9ntica es inaplicable a los casos de revocaci\u00f3n de mandato, porque no se realiza una interpretaci\u00f3n aut\u00e9ntica del concepto \u201cpropaganda gubernamental\u201d, sino que se establece una excepci\u00f3n a la prohibici\u00f3n de difusi\u00f3n de propaganda gubernamental durante el desarrollo de un proceso de revocaci\u00f3n de mandato, lo cual es violatorio de la prohibici\u00f3n prevista en la propia Constituci\u00f3n general.<\/p>\n\n\n\n<p>\u201cDe esta forma, el TEPJF protege el modelo de comunicaci\u00f3n pol\u00edtica del proceso de revocaci\u00f3n de mandato en desarrollo, con lo cual tutela el principio de certeza y legalidad en su desenvolvimiento\u201d, dijo.<\/p>\n\n\n\n<p>En tanto, tambi\u00e9n por mayor\u00eda, el Tribunal confirm\u00f3 las medidas cautelares dictadas por la Comisi\u00f3n de Quejas y Denuncias del Instituto Nacional Electoral (INE), que orden\u00f3 a la Gobernadora de Campeche y a Morena eliminar de sus redes sociales la publicaci\u00f3n en apoyo al Presidente de la Rep\u00fablica, porque se estim\u00f3 que se trataba de propaganda gubernamental difundida en periodo prohibido, calificada previamente como aparentemente ilegal por el INE.<\/p>\n\n\n\n<p>Movimiento Ciudadano (MC) present\u00f3 una denuncia en contra de la Gobernadora de Campeche y Morena por difundir el pasado 13 de febrero en sus redes sociales, un documento titulado \u201cGobernadores y gobernadoras de la 4ta Transformaci\u00f3n\u201d, al considerarla propaganda gubernamental en periodo prohibido en favor del Presidente de la Rep\u00fablica en el contexto del actual procedimiento de revocaci\u00f3n de mandato.<\/p>\n\n\n\n<p>La Comisi\u00f3n de Quejas y Denuncias del INE declar\u00f3 procedentes las medidas cautelares solicitadas por MC y orden\u00f3 retirar las publicaciones denunciadas. Inconforme con lo anterior, Morena promovi\u00f3 un medio de impugnaci\u00f3n y aleg\u00f3, principalmente, que las publicaciones no son propaganda gubernamental, sino posicionamientos pol\u00edticos que pueden difundirse dentro y fuera de procesos electorales.<\/p>\n\n\n\n<p>Asimismo, al establecer esta excepci\u00f3n se realiza una modificaci\u00f3n sustancial a las reglas de comunicaci\u00f3n pol\u00edtica en la revocaci\u00f3n de mandato, lo cual est\u00e1 prohibido a nivel constitucional.<\/p>\n\n\n\n<p>\u201cLas publicaciones denunciadas s\u00ed podr\u00edan ser propaganda gubernamental prohibida \u2013desde un an\u00e1lisis preliminar\u2013, puesto que los razonamientos planteados en relaci\u00f3n con el comunicado ya fueron analizados y desestimados por esta Sala Superior, al resolver el SUP-REP-33\/2022 y acumulados\u201d, dijo el TEPJF.<\/p>\n\n\n\n<p>(Informaci\u00f3n del diario \u201cEl Economista\u201d)<\/p>\n","protected":false},"excerpt":{"rendered":"<p>Redacci\u00f3n\/Zona Roja Cdmx. Ciudad de M\u00e9xico, 29 de marzo de 2022.- En sesi\u00f3n privada y&hellip;<\/p>\n","protected":false},"author":2,"featured_media":35668,"comment_status":"closed","ping_status":"open","sticky":false,"template":"","format":"standard","meta":{"_lmt_disableupdate":"","_lmt_disable":"","_jetpack_memberships_contains_paid_content":false,"footnotes":""},"categories":[109,46],"tags":[3088],"class_list":["post-39328","post","type-post","status-publish","format-standard","has-post-thumbnail","hentry","category-minuto-a-minuto","category-zona-blanca","tag-revocacion-de-mandato-mexico"],"jetpack_featured_media_url":"https:\/\/zonaroja.com.mx\/wp-content\/uploads\/2021\/12\/Tribunal-Electoral-del-Poder-Judicial-de-la-Federacion.jpg","jetpack_sharing_enabled":true,"_links":{"self":[{"href":"https:\/\/zonaroja.com.mx\/index.php?rest_route=\/wp\/v2\/posts\/39328","targetHints":{"allow":["GET"]}}],"collection":[{"href":"https:\/\/zonaroja.com.mx\/index.php?rest_route=\/wp\/v2\/posts"}],"about":[{"href":"https:\/\/zonaroja.com.mx\/index.php?rest_route=\/wp\/v2\/types\/post"}],"author":[{"embeddable":true,"href":"https:\/\/zonaroja.com.mx\/index.php?rest_route=\/wp\/v2\/users\/2"}],"replies":[{"embeddable":true,"href":"https:\/\/zonaroja.com.mx\/index.php?rest_route=%2Fwp%2Fv2%2Fcomments&post=39328"}],"version-history":[{"count":1,"href":"https:\/\/zonaroja.com.mx\/index.php?rest_route=\/wp\/v2\/posts\/39328\/revisions"}],"predecessor-version":[{"id":39329,"href":"https:\/\/zonaroja.com.mx\/index.php?rest_route=\/wp\/v2\/posts\/39328\/revisions\/39329"}],"wp:featuredmedia":[{"embeddable":true,"href":"https:\/\/zonaroja.com.mx\/index.php?rest_route=\/wp\/v2\/media\/35668"}],"wp:attachment":[{"href":"https:\/\/zonaroja.com.mx\/index.php?rest_route=%2Fwp%2Fv2%2Fmedia&parent=39328"}],"wp:term":[{"taxonomy":"category","embeddable":true,"href":"https:\/\/zonaroja.com.mx\/index.php?rest_route=%2Fwp%2Fv2%2Fcategories&post=39328"},{"taxonomy":"post_tag","embeddable":true,"href":"https:\/\/zonaroja.com.mx\/index.php?rest_route=%2Fwp%2Fv2%2Ftags&post=39328"}],"curies":[{"name":"wp","href":"https:\/\/api.w.org\/{rel}","templated":true}]}}