{"id":39331,"date":"2022-03-29T12:11:00","date_gmt":"2022-03-29T18:11:00","guid":{"rendered":"http:\/\/www.zonaroja.com.mx\/?p=39331"},"modified":"2022-03-29T08:20:21","modified_gmt":"2022-03-29T14:20:21","slug":"opinion-vivir-en-el-error","status":"publish","type":"post","link":"https:\/\/zonaroja.com.mx\/?p=39331","title":{"rendered":"Opini\u00f3n. Vivir en el error"},"content":{"rendered":"\n<p>N\u00e9stor Y. S\u00e1nchez Islas<\/p>\n\n\n\n<p>Como parte de la cultura magisterial oaxaque\u00f1a los normalistas bloquean calles y avenidas de la ciudad capital desde hace varias semanas. La insistencia y el victimismo de su protesta obliga a preguntar a que se debe su \u201clucha\u201d. La respuesta no es nada complicada, lo \u00fanico que les urge es dejar de vivir en el error.<\/p>\n\n\n\n<p>El normalismo oaxaque\u00f1o es parte org\u00e1nica de la Secci\u00f3n 22, por lo que no extra\u00f1an sus m\u00e9todos de fastidio y tortura porque los han&nbsp;aprendido&nbsp;de sus mayores. El m\u00e9todo es sencillo: victimizarse, culpar a todos los dem\u00e1s de lo que ellos padecen, lanzar discursos virulentos llenos de descalificaciones, dramatizar y provocar miedo puesto que siempre est\u00e1n armados con cohetones, bombas molotov, garrotes, gasolina y llantas para quemar.<\/p>\n\n\n\n<p>\u201cVivir fuera del presupuesto es vivir en el error\u201d, dice el viejo refr\u00e1n.<\/p>\n\n\n\n<p>La violencia usada por estos grupos porriles no tiene nada de heroica. No se trata de defender el territorio nacional de un invasor extranjero, como luchan los ucranianos contra los rusos. No se trata de llevar justicia social a los pobres, ni medicamentos a los ni\u00f1os con c\u00e1ncer, ni exigir que permanezca el programa de \u201cEscuelas de tiempo completo\u201d, ni exigir mejor nivel acad\u00e9mico ni&nbsp;comedores ni albergues para personas en situaci\u00f3n de pobreza extrema.<\/p>\n\n\n\n<p>Todo lo que exigen es que el gobierno les entregue plazas de inmediato, es decir, que a la voz de ya empecemos a mantenerlos de por vida. Esa es toda su lucha.<\/p>\n\n\n\n<p>No quieren&nbsp;ser evaluados, no quieren titularse a pesar de recibir todas las facilidades. Lo \u00fanico que quieren es su plaza sindical y, a partir de ese momento, tener la manutenci\u00f3n segura con cargo a quienes si trabajan.<\/p>\n\n\n\n<p>No hay muchos datos sobre las prestaciones que tienen los sindicalizados magisteriales en Oaxaca, pero si hay de otras entidades y podemos suponer que son similares. Tome un respiro y lea lo que reciben.<\/p>\n\n\n\n<p>Reciben despensas, bonos, gratificaciones especiales, gastos para transporte, \u00fatiles escolares, apoyo de fin de a\u00f1o y pago de material did\u00e1ctico, entre otras de las m\u00e1s de veinte onerosas prestaciones.<\/p>\n\n\n\n<p>Maestros de Sonora, menos revoltosos que los locales, obtienen aguinaldo, compensaci\u00f3n navide\u00f1a, bono navide\u00f1o, bono por organizar el ciclo escolar, est\u00edmulo del d\u00eda del maestro, prima vacacional,&nbsp;ajuste de calendario, bono de octubre, apoyo por servicios a la docencia, apoyo por servicios en actividades culturales, apoyo para la impresi\u00f3n de tesis, bono de telesecundaria, pasajes, apoyo a trabajo social, apoyo para cursos de verano, compensaci\u00f3n de arraigo, apoyo por atenci\u00f3n a grupos multigrado, compensaci\u00f3n a directores de escuela, apoyo a la supervisi\u00f3n escolar, carrera administrativa, apoyo a la integraci\u00f3n educativa, bono zona noroeste, bono de primavera, bono de \u00fatiles escolares, fortalecimiento a la CPC, bono a jubilados, bono SNTE y otras cuatro o cinco m\u00e1s. Esto es en Sonora, seguro en Oaxaca obtienen m\u00e1s que eso.<\/p>\n\n\n\n<p>En el caso de Oaxaca es conocido que reciben un aguinaldo de 100 d\u00edas, sus d\u00edas econ\u00f3micos, sus bonos de productividad, sus nutrivales y compensaciones que los llevan a recibir el pago de 478 d\u00edas cuando que el a\u00f1o en total apenas llega a los 365, pero cuando mucho trabajan 180. De ese tama\u00f1a el error de vivir fuera del presupuesto&nbsp;y, para&nbsp;amenazarnos, esos revoltosos quisieran traer a los tanques rusos para que nos bombardeen y les&nbsp;entreguen&nbsp;las preciadas bases sindicales&nbsp;sin chistar. Esa es toda su lucha.<\/p>\n\n\n\n<p>Tener una plaza magisterial es tener la vida resuelta. Pase lo que pase recibir\u00e1n sus salarios, prestaciones y atenci\u00f3n m\u00e9dica, por eso su ferocidad contra quienes con su trabajo los mantendr\u00e1n.<\/p>\n\n\n\n<p>Las escuelas normales dejaron hace muchos a\u00f1os de producir profesores y ahora entregan,&nbsp;casi todas, profesionales del odio de clase, el odio gratuito hacia el mundo porque as\u00ed han sido formados.&nbsp;La malla curricular del CRENO&nbsp;habla de&nbsp;psicolog\u00eda del desarrollo infantil, historia de la educaci\u00f3n en M\u00e9xico,&nbsp;observaci\u00f3n y an\u00e1lisis de la pr\u00e1ctica educativa, ambientes de aprendizaje, atenci\u00f3n a la diversidad y otras materias por el estilo.<\/p>\n\n\n\n<p>Sin embargo, la materia que m\u00e1s asimilan es la del odioy despu\u00e9s&nbsp;la destrucci\u00f3n, el robo, la violencia, el insulto y la cobard\u00eda para no dar la cara. Aprenden a desestabilizar&nbsp;a la&nbsp;sociedad, a realizar bloqueos y plantones, a fabricar artefactos explosivos,&nbsp;t\u00e1cticas de guerrilla urbana y otra serie de ense\u00f1anzas fuera de los planes oficiales,&nbsp;pero indispensables para integrarse como miembros de pleno derecho a su agrupaci\u00f3n sindical.<\/p>\n\n\n\n<p>Si quien los maneja les dice que su lucha es heroica les est\u00e1 mintiendo. No son h\u00e9roes ni luchadores sociales solo son un fastidio.&nbsp;Al igual que toda la burocracia se han convertido en seres indiferentes, ajenos a la realidad,&nbsp;insensibles. Nadie los ha visto, a ustedes o sus mayores, ayudando en alguna causa&nbsp;noble.<\/p>\n\n\n\n<p>Lo que s\u00ed representan con mucha dignidad es el&nbsp;\u201cmodelo Oaxaca.\u201d<\/p>\n\n\n\n<p>Twitter @nestoryuri<\/p>\n","protected":false},"excerpt":{"rendered":"<p>N\u00e9stor Y. S\u00e1nchez Islas Como parte de la cultura magisterial oaxaque\u00f1a los normalistas bloquean calles&hellip;<\/p>\n","protected":false},"author":2,"featured_media":39332,"comment_status":"closed","ping_status":"open","sticky":false,"template":"","format":"standard","meta":{"_lmt_disableupdate":"","_lmt_disable":"","_jetpack_memberships_contains_paid_content":false,"footnotes":""},"categories":[456,109],"tags":[3050],"class_list":["post-39331","post","type-post","status-publish","format-standard","has-post-thumbnail","hentry","category-columna","category-minuto-a-minuto","tag-nestor-yuri-sanchez"],"jetpack_featured_media_url":"https:\/\/zonaroja.com.mx\/wp-content\/uploads\/2022\/03\/Normalistas-de-Oaxaca.jpg","jetpack_sharing_enabled":true,"_links":{"self":[{"href":"https:\/\/zonaroja.com.mx\/index.php?rest_route=\/wp\/v2\/posts\/39331","targetHints":{"allow":["GET"]}}],"collection":[{"href":"https:\/\/zonaroja.com.mx\/index.php?rest_route=\/wp\/v2\/posts"}],"about":[{"href":"https:\/\/zonaroja.com.mx\/index.php?rest_route=\/wp\/v2\/types\/post"}],"author":[{"embeddable":true,"href":"https:\/\/zonaroja.com.mx\/index.php?rest_route=\/wp\/v2\/users\/2"}],"replies":[{"embeddable":true,"href":"https:\/\/zonaroja.com.mx\/index.php?rest_route=%2Fwp%2Fv2%2Fcomments&post=39331"}],"version-history":[{"count":1,"href":"https:\/\/zonaroja.com.mx\/index.php?rest_route=\/wp\/v2\/posts\/39331\/revisions"}],"predecessor-version":[{"id":39333,"href":"https:\/\/zonaroja.com.mx\/index.php?rest_route=\/wp\/v2\/posts\/39331\/revisions\/39333"}],"wp:featuredmedia":[{"embeddable":true,"href":"https:\/\/zonaroja.com.mx\/index.php?rest_route=\/wp\/v2\/media\/39332"}],"wp:attachment":[{"href":"https:\/\/zonaroja.com.mx\/index.php?rest_route=%2Fwp%2Fv2%2Fmedia&parent=39331"}],"wp:term":[{"taxonomy":"category","embeddable":true,"href":"https:\/\/zonaroja.com.mx\/index.php?rest_route=%2Fwp%2Fv2%2Fcategories&post=39331"},{"taxonomy":"post_tag","embeddable":true,"href":"https:\/\/zonaroja.com.mx\/index.php?rest_route=%2Fwp%2Fv2%2Ftags&post=39331"}],"curies":[{"name":"wp","href":"https:\/\/api.w.org\/{rel}","templated":true}]}}