{"id":39334,"date":"2022-03-29T08:29:34","date_gmt":"2022-03-29T14:29:34","guid":{"rendered":"http:\/\/www.zonaroja.com.mx\/?p=39334"},"modified":"2022-03-29T08:29:35","modified_gmt":"2022-03-29T14:29:35","slug":"dicen-basta-a-imposiciones-corrupcion-e-irregularidades-de-dirigencias-de-morena","status":"publish","type":"post","link":"https:\/\/zonaroja.com.mx\/?p=39334","title":{"rendered":"Dicen basta a imposiciones, corrupci\u00f3n e irregularidades de dirigencias de Morena"},"content":{"rendered":"\n<p>Yuridiana Sosa\/ Zona Roja<\/p>\n\n\n\n<p>Oaxaca de Ju\u00e1rez, Oax., 29 de marzo de 2022.- Rumbo a la renovaci\u00f3n del Comit\u00e9 Ejecutivo Nacional del Partido Morena, que actualmente dirige Mario Delgado, los integrantes de la Primera Convenci\u00f3n Estatal Morenista de Oaxaca acordaron un determinante basta a las imposiciones del partido, desde el \u00e1mbito nacional a lo estatal.<\/p>\n\n\n\n<p>Este domingo 27 de marzo, cientos de militantes, simpatizantes de Morena en Oaxaca, se reunieron para impulsar el movimiento nacional de Convenci\u00f3n Morenista que busca la reestructuraci\u00f3n del partido, al reconocer que actualmente se gesta una nueva etapa de caciquismo y abusos.<\/p>\n\n\n\n<p>Durante el encuentro realizado en Santa Mar\u00eda Atzompa, municipio conurbado a la capital del estado, estuvo presente el investigador de la UNAM e impulsor del movimiento en M\u00e9xico, John Ackerman, quien se\u00f1al\u00f3 una \u201cimpresionante participaci\u00f3n activa y combativa\u201d de los oaxaque\u00f1os.<\/p>\n\n\n\n<p>Entre los acuerdos de la Convenci\u00f3n en Oaxaca, la base de Morena plasm\u00f3 su rechazo al o al sentido mercantil y autoritario que ejerce la c\u00fapula del partido a nivel nacional, as\u00ed como manifestaron su desaprobaci\u00f3n al caciquismo y la corrupci\u00f3n pol\u00edtica que afectan al partido en Oaxaca.<\/p>\n\n\n\n<p>De forma precisa, los Convencionistas de Oaxaca acordaron generar las ideas y las acciones necesarias a nivel estatal para \u201crenovar la totalidad del Comit\u00e9 Ejecutivo Nacional y establecer un CEN estrictamente interino y transitorio, que genere un padr\u00f3n confiable de afiliados y con \u00e9ste, realizar un Congreso Nacional Ordinario de car\u00e1cter fundacional antes de que termine el a\u00f1o 2022\u201d.<\/p>\n\n\n\n<p>Al Consejo Nacional de Morena exigieron la publicaci\u00f3n del reglamento al Art\u00edculo 6to bis del Estatuto con el fin de asegurar que \u00abla trayectoria, los atributos \u00e9tico pol\u00edticos y la antig\u00fcedad en la lucha por causas sociales (&#8230;)ser\u00e1n vinculantes y valorados para quien aspire a ser candidato a un cargo interno o de elecci\u00f3n popular\u00bb.<\/p>\n\n\n\n<p>Tambi\u00e9n demandaron al Comit\u00e9 Ejecutivo Nacional que integre de manera inmediata al Consejo Consultivo Nacional de Morena para que el partido cuente con el acompa\u00f1amiento de personalidades \u00abde probada honestidad y reputaci\u00f3n reconocida en la cultura, las artes, la ciencia y la vida p\u00fablica\u00bb, de acuerdo con el art\u00edculo 39 del Estatuto.<\/p>\n\n\n\n<p>Adem\u00e1s, exigieron la renovaci\u00f3n inmediata de la totalidad de integrantes de la Comisi\u00f3n Nacional de \u201c(des) Honestidad\u201d y Justicia.<\/p>\n\n\n\n<p>Respecto a otros trabajos de los Covencionistas, apuntaron que tambi\u00e9n trabajan en la difusi\u00f3n y defensa de la reforma el\u00e9ctrica, as\u00ed como en la promoci\u00f3n de la jornada de la revocaci\u00f3n del mandato constitucional del presidente Andr\u00e9s Manuel L\u00f3pez Obrador.<\/p>\n\n\n\n<p>Los foros de la Convenci\u00f3n Morenista de Oaxaca tambi\u00e9n se realizar\u00e1n&nbsp;a nivel municipal y se preparar\u00e1n para la Segunda Convenci\u00f3n Nacional Morenista en el Monumento a la Revoluci\u00f3n el pr\u00f3ximo 6 de agosto en la Ciudad de M\u00e9xico.<\/p>\n","protected":false},"excerpt":{"rendered":"<p>Yuridiana Sosa\/ Zona Roja Oaxaca de Ju\u00e1rez, Oax., 29 de marzo de 2022.- Rumbo a&hellip;<\/p>\n","protected":false},"author":2,"featured_media":39335,"comment_status":"closed","ping_status":"open","sticky":false,"template":"","format":"standard","meta":{"_lmt_disableupdate":"","_lmt_disable":"","_jetpack_memberships_contains_paid_content":false,"footnotes":""},"categories":[109,47],"tags":[871],"class_list":["post-39334","post","type-post","status-publish","format-standard","has-post-thumbnail","hentry","category-minuto-a-minuto","category-zona-gris","tag-partido-morena-oaxaca"],"jetpack_featured_media_url":"https:\/\/zonaroja.com.mx\/wp-content\/uploads\/2022\/03\/Convencion-Estatal-Morenista.jpeg","jetpack_sharing_enabled":true,"_links":{"self":[{"href":"https:\/\/zonaroja.com.mx\/index.php?rest_route=\/wp\/v2\/posts\/39334","targetHints":{"allow":["GET"]}}],"collection":[{"href":"https:\/\/zonaroja.com.mx\/index.php?rest_route=\/wp\/v2\/posts"}],"about":[{"href":"https:\/\/zonaroja.com.mx\/index.php?rest_route=\/wp\/v2\/types\/post"}],"author":[{"embeddable":true,"href":"https:\/\/zonaroja.com.mx\/index.php?rest_route=\/wp\/v2\/users\/2"}],"replies":[{"embeddable":true,"href":"https:\/\/zonaroja.com.mx\/index.php?rest_route=%2Fwp%2Fv2%2Fcomments&post=39334"}],"version-history":[{"count":1,"href":"https:\/\/zonaroja.com.mx\/index.php?rest_route=\/wp\/v2\/posts\/39334\/revisions"}],"predecessor-version":[{"id":39336,"href":"https:\/\/zonaroja.com.mx\/index.php?rest_route=\/wp\/v2\/posts\/39334\/revisions\/39336"}],"wp:featuredmedia":[{"embeddable":true,"href":"https:\/\/zonaroja.com.mx\/index.php?rest_route=\/wp\/v2\/media\/39335"}],"wp:attachment":[{"href":"https:\/\/zonaroja.com.mx\/index.php?rest_route=%2Fwp%2Fv2%2Fmedia&parent=39334"}],"wp:term":[{"taxonomy":"category","embeddable":true,"href":"https:\/\/zonaroja.com.mx\/index.php?rest_route=%2Fwp%2Fv2%2Fcategories&post=39334"},{"taxonomy":"post_tag","embeddable":true,"href":"https:\/\/zonaroja.com.mx\/index.php?rest_route=%2Fwp%2Fv2%2Ftags&post=39334"}],"curies":[{"name":"wp","href":"https:\/\/api.w.org\/{rel}","templated":true}]}}