{"id":3935,"date":"2019-09-13T17:44:07","date_gmt":"2019-09-13T22:44:07","guid":{"rendered":"http:\/\/www.zonaroja.com.mx\/?p=3935"},"modified":"2019-09-13T17:44:11","modified_gmt":"2019-09-13T22:44:11","slug":"viola-servicios-de-salud-derechos-de-trabajador-emite-la-ddhpo-recomendacion","status":"publish","type":"post","link":"https:\/\/zonaroja.com.mx\/?p=3935","title":{"rendered":"Viola Servicios de Salud derechos de trabajador; emite la DDHPO recomendaci\u00f3n"},"content":{"rendered":"\n<p>Redacci\u00f3n\/Zona\nRoja.<\/p>\n\n\n\n<p>Oaxaca de\nJu\u00e1rez, Oax., 13 de septiembre de 2019.- Por violar las garant\u00edas laborales de\nun trabajador, la Defensor\u00eda de los Derechos Humanos del Pueblo de Oaxaca\n(DDHPO) emiti\u00f3 una recomendaci\u00f3n a los Servicios de Salud de Oaxaca(SSO).<\/p>\n\n\n\n<p>De acuerdo\ncon el organismo, tras indagatorias se detect\u00f3 y acredit\u00f3 que la dependencia del\nGobierno del Estado suspendi\u00f3 de forma injustificada el pago de una prestaci\u00f3n\nsalarial a un trabajador.<\/p>\n\n\n\n<p>La\ninstituci\u00f3n aut\u00f3noma inici\u00f3 en el mes de febrero de 2018 el expediente\nDDHPO\/0529\/(01)\/OAX\/2018, con motivo de la petici\u00f3n presentada por el\nagraviado, quien refiri\u00f3 que en ese a\u00f1o su jefe inmediato, encargado del Sector\nValles Centrales de los SSO, le pidi\u00f3 que firmara con fecha atrasada, la\nasignaci\u00f3n de tres obras para supervisar, argumentando que eran instrucciones y\nque si se negaba, tendr\u00eda que asumir las consecuencias.<\/p>\n\n\n\n<p>Ante ello,\nel organismo document\u00f3&nbsp; en la\nrecomendaci\u00f3n 3\/2019 que la SSO en forma arbitraria&nbsp; interfiri\u00f3 y restringi\u00f3 el pago de\nprestaciones laborales, pues el agraviado no fue sometido a ning\u00fan proceso\nadministrativo por medio del cual se justificara la suspensi\u00f3n.<\/p>\n\n\n\n<p>Detall\u00f3 que\nla autoridad se\u00f1alada como responsable neg\u00f3 la existencia de la asignaci\u00f3n de\ndicha prestaci\u00f3n salarial, por lo cual descart\u00f3 iniciar alg\u00fan procedimiento\nadministrativo para restituir el da\u00f1o a la persona agraviada, adem\u00e1s de\nrechazar la propuesta de conciliaci\u00f3n.<\/p>\n\n\n\n<p>Destac\u00f3 la\ninobservancia de cumplimiento de la obligaci\u00f3n general de respeto al derecho al\ntrabajo, al no cubrir el pago de la prestaci\u00f3n salarial, as\u00ed como las\ninterferencias arbitrarias, obstaculizaci\u00f3n, negligencia, restricci\u00f3n o\ncondicionamiento injustificado de las prestaciones laborales y de la calidad en\nel trabajo, que se traduce en violaciones al derecho humano al trabajo, as\u00ed\ncomo una violaci\u00f3n a los derechos humanos a la seguridad jur\u00eddica del\nagraviado.<\/p>\n\n\n\n<p>Por ello, la\nDefensor\u00eda emiti\u00f3 la recomendaci\u00f3n 3\/2019 dirigida a la SSO \u2013que preside Donato\nCasas Escamilla, consistente en que la dependencia instruya al director de\nRecursos Humanos para que realice las acciones jur\u00eddicas y administrativas, a\nfin de que se reintegre al agraviado&nbsp; la\nprestaci\u00f3n laboral que le fue suspendida sin motivo justificado.<\/p>\n\n\n\n<p>Asimismo,\nsolicit\u00f3 que en un plazo de 15 d\u00edas h\u00e1biles, realicen las acciones tendientes a\nreparar el da\u00f1o causado de manera integral al agraviado, de acuerdo con lo\nprevisto en la Ley General de V\u00edctimas y la Ley de Victimas del Estado de\nOaxaca.<\/p>\n\n\n\n<p>La\nDefensor\u00eda pidi\u00f3 que en lo subsecuente se instauren procedimientos\nadministrativos en los que los trabajadores puedan efectuar actos de\nreclamaci\u00f3n&nbsp; tendientes a garantizar su\nderecho de defensa, lo anterior para evitar violaciones a los derechos humanos\nreclamadas por el agraviado.&nbsp; <\/p>\n\n\n\n<p>En la misma\nmedida, la Defensor\u00eda solicit\u00f3 la colaboraci\u00f3n del secretario de la Contralor\u00eda\ny Transparencia Gubernamental del estado para que se inicie procedimiento\nadministrativo de responsabilidad en contra de los servidores p\u00fablicos\nse\u00f1alados como responsables en la recomendaci\u00f3n y se impongan las sanciones\ncorrespondientes.<\/p>\n\n\n\n<p>Puntualiz\u00f3\nque todas las autoridades, en el \u00e1mbito de sus competencias, tienen la\nobligaci\u00f3n de promover, respetar, proteger y garantizar los derechos humanos de\nconformidad con los principios de universalidad, interdependencia,\nindivisibilidad y progresividad, de tal forma que el Estado deber\u00e1 prevenir,\ninvestigar, sancionar y reparar las violaciones a los derechos humanos, en los\nt\u00e9rminos que establezca la ley.<\/p>\n\n\n\n<p>Finalmente,\nla Defensor\u00eda de los Derechos Humanos del Pueblo de Oaxaca solicit\u00f3 a la\nautoridad que en un plazo de 15 d\u00edas h\u00e1biles informe sobre la aceptaci\u00f3n de la\nrecomendaci\u00f3n y, en su caso, env\u00ede las pruebas correspondientes al cumplimiento\nde la misma.<\/p>\n","protected":false},"excerpt":{"rendered":"<p>Redacci\u00f3n\/Zona Roja. Oaxaca de Ju\u00e1rez, Oax., 13 de septiembre de 2019.- Por violar las garant\u00edas&hellip;<\/p>\n","protected":false},"author":2,"featured_media":3936,"comment_status":"closed","ping_status":"open","sticky":false,"template":"","format":"standard","meta":{"_lmt_disableupdate":"","_lmt_disable":"","_jetpack_memberships_contains_paid_content":false,"footnotes":""},"categories":[109,47],"tags":[302,238],"class_list":["post-3935","post","type-post","status-publish","format-standard","has-post-thumbnail","hentry","category-minuto-a-minuto","category-zona-gris","tag-donato-casas-escamilla","tag-servicios-de-salud-de-oaxaca"],"jetpack_featured_media_url":"https:\/\/zonaroja.com.mx\/wp-content\/uploads\/2019\/09\/SSO-03-1.jpg","jetpack_sharing_enabled":true,"_links":{"self":[{"href":"https:\/\/zonaroja.com.mx\/index.php?rest_route=\/wp\/v2\/posts\/3935","targetHints":{"allow":["GET"]}}],"collection":[{"href":"https:\/\/zonaroja.com.mx\/index.php?rest_route=\/wp\/v2\/posts"}],"about":[{"href":"https:\/\/zonaroja.com.mx\/index.php?rest_route=\/wp\/v2\/types\/post"}],"author":[{"embeddable":true,"href":"https:\/\/zonaroja.com.mx\/index.php?rest_route=\/wp\/v2\/users\/2"}],"replies":[{"embeddable":true,"href":"https:\/\/zonaroja.com.mx\/index.php?rest_route=%2Fwp%2Fv2%2Fcomments&post=3935"}],"version-history":[{"count":1,"href":"https:\/\/zonaroja.com.mx\/index.php?rest_route=\/wp\/v2\/posts\/3935\/revisions"}],"predecessor-version":[{"id":3937,"href":"https:\/\/zonaroja.com.mx\/index.php?rest_route=\/wp\/v2\/posts\/3935\/revisions\/3937"}],"wp:featuredmedia":[{"embeddable":true,"href":"https:\/\/zonaroja.com.mx\/index.php?rest_route=\/wp\/v2\/media\/3936"}],"wp:attachment":[{"href":"https:\/\/zonaroja.com.mx\/index.php?rest_route=%2Fwp%2Fv2%2Fmedia&parent=3935"}],"wp:term":[{"taxonomy":"category","embeddable":true,"href":"https:\/\/zonaroja.com.mx\/index.php?rest_route=%2Fwp%2Fv2%2Fcategories&post=3935"},{"taxonomy":"post_tag","embeddable":true,"href":"https:\/\/zonaroja.com.mx\/index.php?rest_route=%2Fwp%2Fv2%2Ftags&post=3935"}],"curies":[{"name":"wp","href":"https:\/\/api.w.org\/{rel}","templated":true}]}}