{"id":39355,"date":"2022-03-30T07:44:00","date_gmt":"2022-03-30T13:44:00","guid":{"rendered":"http:\/\/www.zonaroja.com.mx\/?p=39355"},"modified":"2022-03-29T19:55:34","modified_gmt":"2022-03-30T01:55:34","slug":"organizan-poder-judicial-y-asociacion-civil-arco-diplomado-enmediacion","status":"publish","type":"post","link":"https:\/\/zonaroja.com.mx\/?p=39355","title":{"rendered":"Organizan Poder Judicial y asociaci\u00f3n civil ARCO, diplomado enmediaci\u00f3n"},"content":{"rendered":"\n<p>Redacci\u00f3n\/Zona Roja.<\/p>\n\n\n\n<p>Oaxaca de Ju\u00e1rez, Oax., 30 de marzo de 2022.- En\u00a0las actividades que el Poder Judicial del Estado\u00a0realiza en conjunto con\u00a0la\u00a0Asociaci\u00f3n para la Resoluci\u00f3n de Conflictos, (ARCO), A.C., se abri\u00f3 la convocatoria para cursar el diplomado con valor curricular\u00a0\u201cEl ABC de la mediaci\u00f3n\u201d, dirigido a abogados, psic\u00f3logos, trabajadores sociales y de otras actividades profesionales.<\/p>\n\n\n\n<p>Los estudios&nbsp;se impartir\u00e1n&nbsp;en&nbsp;la modalidad en&nbsp;l\u00ednea del 22 de abril al 28 de mayo pr\u00f3ximo&nbsp;y tendr\u00e1n como ponentes a especialistas de diferentes entidades del pa\u00eds como son Isabel Sep\u00falveda, de Pachuca Hidalgo; Rub\u00e9n Cardoza, de La Paz, Baja California sur; Juan Manuel Lobo, de Monterrey Nuevo Le\u00f3n; Bertha Mary Rodr\u00edguez, de M\u00e9rida, Yucat\u00e1n; Juli\u00e1n Nava, de la Ciudad de M\u00e9xico; Rafael Lobo, de Monterrey, Nuevo Le\u00f3n y C\u00e9sar P\u00e9rez, de Puebla.<\/p>\n\n\n\n<p>Las clases, a desarroll\u00e1rselos viernes de 17:00 a 21:00 horas y los s\u00e1bados de 9:00 a 13:00 horas,&nbsp;ser\u00e1n a trav\u00e9s de la plataforma ZOOM y se brindar\u00e1n materiales de apoyo en la plataforma E-Learning.&nbsp;El costo es de siete mil 500 pesos.&nbsp;<\/p>\n\n\n\n<p>Las y los interesados&nbsp;en mejorar sus habilidades para resolver conflictos y obtener los elementos te\u00f3ricos&nbsp;y destrezas indispensables que les permitan sustentar el ejercicio de la mediaci\u00f3n,&nbsp;pueden&nbsp;realizar su inscripci\u00f3n a trav\u00e9s del enlace&nbsp;https:\/\/bit.ly\/3tDjfEC<\/p>\n\n\n\n<p>Cabe se\u00f1alar que&nbsp;las circunstancias sociales han implicado un reto en la forma en c\u00f3mo nos comunicamos; por ello, la&nbsp;mediaci\u00f3n&nbsp;vista desde la perspectiva de derechos humanos, implica la oportunidad de impulsar una nueva forma de acceder a la justicia desde un \u00e1mbito&nbsp;integral para todas y todos.<\/p>\n","protected":false},"excerpt":{"rendered":"<p>Redacci\u00f3n\/Zona Roja. Oaxaca de Ju\u00e1rez, Oax., 30 de marzo de 2022.- En\u00a0las actividades que el&hellip;<\/p>\n","protected":false},"author":2,"featured_media":39356,"comment_status":"closed","ping_status":"open","sticky":false,"template":"","format":"standard","meta":{"_lmt_disableupdate":"","_lmt_disable":"","_jetpack_memberships_contains_paid_content":false,"footnotes":""},"categories":[109,46],"tags":[223],"class_list":["post-39355","post","type-post","status-publish","format-standard","has-post-thumbnail","hentry","category-minuto-a-minuto","category-zona-blanca","tag-poder-judicial-de-oaxaca"],"jetpack_featured_media_url":"https:\/\/zonaroja.com.mx\/wp-content\/uploads\/2022\/03\/Mediacion-Judicial-Poder-Tribunal.webp","jetpack_sharing_enabled":true,"_links":{"self":[{"href":"https:\/\/zonaroja.com.mx\/index.php?rest_route=\/wp\/v2\/posts\/39355","targetHints":{"allow":["GET"]}}],"collection":[{"href":"https:\/\/zonaroja.com.mx\/index.php?rest_route=\/wp\/v2\/posts"}],"about":[{"href":"https:\/\/zonaroja.com.mx\/index.php?rest_route=\/wp\/v2\/types\/post"}],"author":[{"embeddable":true,"href":"https:\/\/zonaroja.com.mx\/index.php?rest_route=\/wp\/v2\/users\/2"}],"replies":[{"embeddable":true,"href":"https:\/\/zonaroja.com.mx\/index.php?rest_route=%2Fwp%2Fv2%2Fcomments&post=39355"}],"version-history":[{"count":1,"href":"https:\/\/zonaroja.com.mx\/index.php?rest_route=\/wp\/v2\/posts\/39355\/revisions"}],"predecessor-version":[{"id":39357,"href":"https:\/\/zonaroja.com.mx\/index.php?rest_route=\/wp\/v2\/posts\/39355\/revisions\/39357"}],"wp:featuredmedia":[{"embeddable":true,"href":"https:\/\/zonaroja.com.mx\/index.php?rest_route=\/wp\/v2\/media\/39356"}],"wp:attachment":[{"href":"https:\/\/zonaroja.com.mx\/index.php?rest_route=%2Fwp%2Fv2%2Fmedia&parent=39355"}],"wp:term":[{"taxonomy":"category","embeddable":true,"href":"https:\/\/zonaroja.com.mx\/index.php?rest_route=%2Fwp%2Fv2%2Fcategories&post=39355"},{"taxonomy":"post_tag","embeddable":true,"href":"https:\/\/zonaroja.com.mx\/index.php?rest_route=%2Fwp%2Fv2%2Ftags&post=39355"}],"curies":[{"name":"wp","href":"https:\/\/api.w.org\/{rel}","templated":true}]}}