{"id":39358,"date":"2022-03-29T20:32:49","date_gmt":"2022-03-30T02:32:49","guid":{"rendered":"http:\/\/www.zonaroja.com.mx\/?p=39358"},"modified":"2022-03-29T20:32:51","modified_gmt":"2022-03-30T02:32:51","slug":"suman-cuatro-agresiones-a-periodistas-en-oaxaca-en-menos-de-un-mes","status":"publish","type":"post","link":"https:\/\/zonaroja.com.mx\/?p=39358","title":{"rendered":"Suman cuatro agresiones a periodistas en Oaxaca en menos de un mes"},"content":{"rendered":"\n<p>Yuridiana Sosa\/Zona Roja.<\/p>\n\n\n\n<p>Oaxaca de Ju\u00e1rez, Oax., 29 de marzo de 2022.- En el transcurso del mes de marzo, cuatro periodistas en Oaxaca han sido v\u00edctimas de actos de agresi\u00f3n e intimidaci\u00f3n, por lo que desde el movimiento \u201cPeriodismo en Riesgo-Oaxaca\u201d, las y los comunicadores exigen a las autoridades que se apliquen las medidas de seguridad para salvaguardar su integridad y garantizar el libre ejercicio de su labor period\u00edstica.<\/p>\n\n\n\n<p>El hecho m\u00e1s reciente ocurri\u00f3 el 27 de marzo contra la reportera Carina Garc\u00eda durante la jornada de elecciones extraordinarias en el municipio de San Pablo Villa de Mitla, donde un individuo identificado como Doroteo Garc\u00eda, incit\u00f3 al odio contra la labor de la periodista.<\/p>\n\n\n\n<p>Por medio de un video, el sujeto describi\u00f3 un posible escenario ca\u00f3tico en la comunidad, supuestamente provocado por un grupo de personas afines al PRI en el que involucr\u00f3 a la comunicadora, trabajadora de los medios \u201cEl Heraldo Oaxaca\u201d y \u201cPrimera L\u00ednea\u201d, con una trayectoria comprometida y \u00e9tica por informar.<\/p>\n\n\n\n<p>En un descontexto de la realidad, Doroteo Garc\u00eda dijo que un grupo de \u201cfeminazis al que le gusta el desmadre y violencia\u201d-en referencia a mujeres feministas- arrib\u00f3 a ese municipio, grupo en el que participa Carina Garc\u00eda, contra quien se dirigi\u00f3 como una \u201cdizque reportera\u201d, pero quien adem\u00e1s corre mayores riesgos de sufrir alguna otra agresi\u00f3n por ser habitantes de esa localidad.<\/p>\n\n\n\n<figure class=\"wp-block-embed is-type-rich is-provider-twitter wp-block-embed-twitter\"><div class=\"wp-block-embed__wrapper\">\n<div class=\"twitter-tweet\"><blockquote class=\"twitter-tweet\" data-lang=\"es\"><p lang=\"es\" dir=\"ltr\"><a href=\"https:\/\/twitter.com\/hashtag\/PeriodismoEnRiesgo?src=hash&amp;ref_src=twsrc%5Etfw\">#PeriodismoEnRiesgo<\/a><br>\u201cDizque reportera\u201d, llama este individuo (<a href=\"https:\/\/twitter.com\/DoroteoMorro?ref_src=twsrc%5Etfw\">@DoroteoMorro<\/a>) a periodista <a href=\"https:\/\/twitter.com\/CariGarcias?ref_src=twsrc%5Etfw\">@CariGarcias<\/a> (de <a href=\"https:\/\/twitter.com\/heraldodemexico?ref_src=twsrc%5Etfw\">@heraldodemexico<\/a> y <a href=\"https:\/\/twitter.com\/esprimeralinea?ref_src=twsrc%5Etfw\">@esprimeralinea<\/a>), y lanza acusaciones.<br>Reportera presentar\u00e1 denuncia, respaldada por el gremio.<a href=\"https:\/\/twitter.com\/DDHPO?ref_src=twsrc%5Etfw\">@DDHPO<\/a> <a href=\"https:\/\/twitter.com\/FISCALIA_GobOax?ref_src=twsrc%5Etfw\">@FISCALIA_GobOax<\/a> <a href=\"https:\/\/twitter.com\/FGR_Oax?ref_src=twsrc%5Etfw\">@FGR_Oax<\/a> <a href=\"https:\/\/twitter.com\/SEGOB_mx?ref_src=twsrc%5Etfw\">@SEGOB_mx<\/a> <a href=\"https:\/\/twitter.com\/JoseCarlosFO?ref_src=twsrc%5Etfw\">@JoseCarlosFO<\/a> <a href=\"https:\/\/t.co\/W7jXkxXcdh\">pic.twitter.com\/W7jXkxXcdh<\/a><\/p>&mdash; Zona Roja Oaxaca (@ZonaRoja_Oaxaca) <a href=\"https:\/\/twitter.com\/ZonaRoja_Oaxaca\/status\/1508266380969353218?ref_src=twsrc%5Etfw\">28 de marzo de 2022<\/a><\/blockquote><\/div>\n<\/div><\/figure>\n\n\n\n<p>Por los hechos, Carina Garc\u00eda present\u00f3 la denuncia respectiva ante las autoridades correspondientes, al igual que en su momento tambi\u00e9n la realiz\u00f3 Erika Ju\u00e1rez, Sof\u00eda Valdivia, Macedonio Villalobos por agresiones, amenazas y ataques a la libertad de prensa.<\/p>\n\n\n\n<p>Ante este lamentable escenario, en el que no cesan los actos contra los comunicadores, las y los integrantes del movimiento \u201cPeriodismo en Riesgo-Oaxaca\u201d, condenamos las acciones que ponen en riesgo nuestra integridad y labor informativa.<\/p>\n\n\n\n<p>Por medio de un posicionamiento colectivo, el gremio demand\u00f3 al presidente de M\u00e9xico, Andr\u00e9s Manuel L\u00f3pez Obrador; Alejandro Murat Hinojosa, Gobernador de Oaxaca; Arturo Peimbert Calvo, Fiscal General de Oaxaca y Jos\u00e9 Bernardo Rodr\u00edguez Alamilla, titular de la Defensor\u00eda de los Derechos Humanos del Pueblo de Oaxaca aplique las medidas y sanciones necesarios para salvaguardar a los periodistas.<\/p>\n\n\n\n<p>\u201cPeriodismo en Riesgo-Oaxaca\u201d manifest\u00f3 la unidad del gremio, el cual dar\u00e1 seguimiento al avance de cada denuncia presentada por los colegas, exigiendo que se les brinden las medidas de seguridad que sean necesarias para salvaguardar su integridad y garantizar el libre ejercicio de su labor period\u00edstica.<\/p>\n\n\n\n<p>\u201cLes reiteramos que vamos a defender nuestros derechos y no estamos dispuestos a permitir que ning\u00fan funcionario, pol\u00edtico o delincuente, siga coartando nuestra libertad de expresi\u00f3n o denostando la labor que realizamos como periodistas\u201d, se\u00f1ala el comunicado.<\/p>\n\n\n\n<p>As\u00ed como el movimiento reiter\u00f3 que \u201cno toleraremos actos de incitaci\u00f3n al odio ni ning\u00fan tipo de agresi\u00f3n en contra de las y los integrantes del movimiento\u201d.<\/p>\n\n\n\n<p>Periodismo en Riesgo \u2013 Oaxaca surgi\u00f3 el pasado mes de febrero tras una serie de asesinatos de colegas a nivel nacional, entre ellos el periodista de Oaxaca Heber L\u00f3pez V\u00e1squez. &nbsp;<\/p>\n","protected":false},"excerpt":{"rendered":"<p>Yuridiana Sosa\/Zona Roja. Oaxaca de Ju\u00e1rez, Oax., 29 de marzo de 2022.- En el transcurso&hellip;<\/p>\n","protected":false},"author":2,"featured_media":39359,"comment_status":"closed","ping_status":"open","sticky":false,"template":"","format":"standard","meta":{"_lmt_disableupdate":"","_lmt_disable":"","_jetpack_memberships_contains_paid_content":false,"footnotes":""},"categories":[456,47],"tags":[3063],"class_list":["post-39358","post","type-post","status-publish","format-standard","has-post-thumbnail","hentry","category-columna","category-zona-gris","tag-periodismo-en-riesgo-oaxaca"],"jetpack_featured_media_url":"https:\/\/zonaroja.com.mx\/wp-content\/uploads\/2022\/03\/Doroteo-Garcia-Morro.jpg","jetpack_sharing_enabled":true,"_links":{"self":[{"href":"https:\/\/zonaroja.com.mx\/index.php?rest_route=\/wp\/v2\/posts\/39358","targetHints":{"allow":["GET"]}}],"collection":[{"href":"https:\/\/zonaroja.com.mx\/index.php?rest_route=\/wp\/v2\/posts"}],"about":[{"href":"https:\/\/zonaroja.com.mx\/index.php?rest_route=\/wp\/v2\/types\/post"}],"author":[{"embeddable":true,"href":"https:\/\/zonaroja.com.mx\/index.php?rest_route=\/wp\/v2\/users\/2"}],"replies":[{"embeddable":true,"href":"https:\/\/zonaroja.com.mx\/index.php?rest_route=%2Fwp%2Fv2%2Fcomments&post=39358"}],"version-history":[{"count":1,"href":"https:\/\/zonaroja.com.mx\/index.php?rest_route=\/wp\/v2\/posts\/39358\/revisions"}],"predecessor-version":[{"id":39360,"href":"https:\/\/zonaroja.com.mx\/index.php?rest_route=\/wp\/v2\/posts\/39358\/revisions\/39360"}],"wp:featuredmedia":[{"embeddable":true,"href":"https:\/\/zonaroja.com.mx\/index.php?rest_route=\/wp\/v2\/media\/39359"}],"wp:attachment":[{"href":"https:\/\/zonaroja.com.mx\/index.php?rest_route=%2Fwp%2Fv2%2Fmedia&parent=39358"}],"wp:term":[{"taxonomy":"category","embeddable":true,"href":"https:\/\/zonaroja.com.mx\/index.php?rest_route=%2Fwp%2Fv2%2Fcategories&post=39358"},{"taxonomy":"post_tag","embeddable":true,"href":"https:\/\/zonaroja.com.mx\/index.php?rest_route=%2Fwp%2Fv2%2Ftags&post=39358"}],"curies":[{"name":"wp","href":"https:\/\/api.w.org\/{rel}","templated":true}]}}