{"id":39361,"date":"2022-03-29T21:40:30","date_gmt":"2022-03-30T03:40:30","guid":{"rendered":"http:\/\/www.zonaroja.com.mx\/?p=39361"},"modified":"2022-03-29T21:41:37","modified_gmt":"2022-03-30T03:41:37","slug":"denuncian-desvio-de-recursos-en-teotitlan-por-14-mdp-y-segego-protege","status":"publish","type":"post","link":"https:\/\/zonaroja.com.mx\/?p=39361","title":{"rendered":"Denuncian desv\u00edo de recursos en Teotitl\u00e1n por 14 mdp\u2026 y Segego protege"},"content":{"rendered":"\n<p>Redacci\u00f3n\/Zona Roja.<\/p>\n\n\n\n<p>Oaxaca de Ju\u00e1rez, Oax., 29 de marzo de 2022.- El Consejo de Ancianos y otros caracterizados de&nbsp;Teotitl\u00e1ndel Valle acusaron este martes a la&nbsp;Secretar\u00eda General de Gobierno&nbsp;de intentar&nbsp;desacreditar&nbsp;a la asamblea comunitaria de esa poblaci\u00f3n, con el fin de desestabilizar y generar caos despu\u00e9s de que salieran a la luz actos de corrupci\u00f3n de&nbsp;las ex autoridades.&nbsp;<\/p>\n\n\n\n<p>En conferencia de prensa en la capital, explicaron que la dependencia del Gobierno del Estado ha proporcionado apoyo ileg\u00edtimo e ilegal al ex presidente municipal, quien fue destituido por la asamblea comunitaria acusado de corrupci\u00f3n,&nbsp;y&nbsp;a trav\u00e9s de medios de comunicaci\u00f3n ha lanzado&nbsp;ofensas y calumnias a&nbsp;la asamblea y al pueblo.<\/p>\n\n\n\n<p>\u201cTeotitl\u00e1n&nbsp;del Valle va a continuar la lucha en defensa del dinero del pueblo, contra quienes traicionaron la confianza de la gente, y en defensa de nuestra autonom\u00eda ind\u00edgena, contra quienes intentan hacer intromisiones ileg\u00edtimas\u201d, expresaron.<\/p>\n\n\n\n<p>Explicaron que\u00a0el 11 de agosto de 2021, la asamblea\u00a0comunitaria\u00a0orden\u00f3\u00a0establecer un\u00a0Consejo de Transparencia Comunitaria, integrado por profesionistas de la comunidad, para ejecutar de inmediato una auditoria legal, contable, t\u00e9cnica, financiera y operativa respecto de las obras municipales, para informar el resultado a la comunidad.<\/p>\n\n\n\n<figure class=\"wp-block-embed is-type-rich is-provider-twitter wp-block-embed-twitter\"><div class=\"wp-block-embed__wrapper\">\n<div class=\"twitter-tweet\"><blockquote class=\"twitter-tweet\" data-lang=\"es\"><p lang=\"es\" dir=\"ltr\"><a href=\"https:\/\/twitter.com\/hashtag\/ENVIVO?src=hash&amp;ref_src=twsrc%5Etfw\">#ENVIVO<\/a> <br>Oaxaca de Ju\u00e1rez, Oax., 29 de marzo de 2022.- Conferencia de prensa de pobladores y autoridades del municipio de Teotitl\u00e1n del Valle.<br>Exigen reconocimiento de sus autoridades.<br><br>Aqu\u00ed la transmisi\u00f3n: \ud83d\udc47<a href=\"https:\/\/t.co\/mCJohG63x9\">https:\/\/t.co\/mCJohG63x9<\/a> <a href=\"https:\/\/t.co\/qShBabqnR6\">pic.twitter.com\/qShBabqnR6<\/a><\/p>&mdash; Zona Roja Oaxaca (@ZonaRoja_Oaxaca) <a href=\"https:\/\/twitter.com\/ZonaRoja_Oaxaca\/status\/1508860487198457865?ref_src=twsrc%5Etfw\">29 de marzo de 2022<\/a><\/blockquote><\/div>\n<\/div><\/figure>\n\n\n\n<p>El&nbsp;29 de septiembre de 2021, el Consejo&nbsp;inform\u00f3 sus&nbsp;conclusiones: detectaron que en la construcci\u00f3n de siete obras hab\u00eda serias deficiencias, que iban desde que estaban realizadas con material de mala calidad, hasta el hecho de que los costos eras demasiado elevados y algunas otras se comenzaron a derrumbar; las irregularidades o desv\u00edo de recursos ascender\u00edan a 14 millones de pesos.<\/p>\n\n\n\n<p>En esa misma&nbsp;fecha, la&nbsp;asamblea acord\u00f3 la&nbsp;destituci\u00f3n del entonces presidente municipal, Andr\u00e9s Guti\u00e9rrez Sosa;&nbsp;en el mismo acto se recibi\u00f3 la renuncia&nbsp;del s\u00edndico y el regidor de Hacienda, y se orden\u00f3 que los cargos vacantes&nbsp;fueran asumidos por los suplentes, quienes posteriormente fueron reconocidos en sesi\u00f3n de cabido y acreditados ante la Secretar\u00eda General de Gobierno.<\/p>\n\n\n\n<p>En d\u00edas pasados,&nbsp;agregaron,&nbsp;en algunos medios de comunicaci\u00f3n se ha se\u00f1alado que en la comunidad existe ingobernabilidad y que la destituci\u00f3n y la renuncia de las ex autoridades municipales fue injusta, situaci\u00f3n que no es real.&nbsp;\u201cEn&nbsp;Teotitl\u00e1n&nbsp;del Valle existe paz y armon\u00eda, y la vida comunitaria contin\u00faa su curso con normalidad\u201d, expusieron.<\/p>\n\n\n\n<p>Aunado a lo anterior,&nbsp;\u201chemos sabido que el presidente municipal est\u00e1 en posesi\u00f3n del sello y de la credencial de acreditaci\u00f3n, que le fueron retirados en la asamblea del 29 de&nbsp;septiembre, objetos que posteriormente la comunidad entreg\u00f3 a la Secretaria General de Gobierno\u201d, plantearon.<\/p>\n\n\n\n<p>Por ello, condenaron esas acciones de la Secretar\u00eda General de Gobierno, y le demandaron respeto a la autonom\u00eda y a la libre determinaci\u00f3n del pueblo ind\u00edgena de&nbsp;Teotitl\u00e1n&nbsp;del Valle, establecidas en el art\u00edculo segundo de la Constituci\u00f3n General de la Rep\u00fablica.<\/p>\n","protected":false},"excerpt":{"rendered":"<p>Redacci\u00f3n\/Zona Roja. Oaxaca de Ju\u00e1rez, Oax., 29 de marzo de 2022.- El Consejo de Ancianos&hellip;<\/p>\n","protected":false},"author":2,"featured_media":39350,"comment_status":"closed","ping_status":"open","sticky":false,"template":"","format":"standard","meta":{"_lmt_disableupdate":"","_lmt_disable":"","_jetpack_memberships_contains_paid_content":false,"footnotes":""},"categories":[109,47],"tags":[],"class_list":["post-39361","post","type-post","status-publish","format-standard","has-post-thumbnail","hentry","category-minuto-a-minuto","category-zona-gris"],"jetpack_featured_media_url":"https:\/\/zonaroja.com.mx\/wp-content\/uploads\/2022\/03\/Conferencia-Teotitlan-del-Valle.jpg","jetpack_sharing_enabled":true,"_links":{"self":[{"href":"https:\/\/zonaroja.com.mx\/index.php?rest_route=\/wp\/v2\/posts\/39361","targetHints":{"allow":["GET"]}}],"collection":[{"href":"https:\/\/zonaroja.com.mx\/index.php?rest_route=\/wp\/v2\/posts"}],"about":[{"href":"https:\/\/zonaroja.com.mx\/index.php?rest_route=\/wp\/v2\/types\/post"}],"author":[{"embeddable":true,"href":"https:\/\/zonaroja.com.mx\/index.php?rest_route=\/wp\/v2\/users\/2"}],"replies":[{"embeddable":true,"href":"https:\/\/zonaroja.com.mx\/index.php?rest_route=%2Fwp%2Fv2%2Fcomments&post=39361"}],"version-history":[{"count":2,"href":"https:\/\/zonaroja.com.mx\/index.php?rest_route=\/wp\/v2\/posts\/39361\/revisions"}],"predecessor-version":[{"id":39363,"href":"https:\/\/zonaroja.com.mx\/index.php?rest_route=\/wp\/v2\/posts\/39361\/revisions\/39363"}],"wp:featuredmedia":[{"embeddable":true,"href":"https:\/\/zonaroja.com.mx\/index.php?rest_route=\/wp\/v2\/media\/39350"}],"wp:attachment":[{"href":"https:\/\/zonaroja.com.mx\/index.php?rest_route=%2Fwp%2Fv2%2Fmedia&parent=39361"}],"wp:term":[{"taxonomy":"category","embeddable":true,"href":"https:\/\/zonaroja.com.mx\/index.php?rest_route=%2Fwp%2Fv2%2Fcategories&post=39361"},{"taxonomy":"post_tag","embeddable":true,"href":"https:\/\/zonaroja.com.mx\/index.php?rest_route=%2Fwp%2Fv2%2Ftags&post=39361"}],"curies":[{"name":"wp","href":"https:\/\/api.w.org\/{rel}","templated":true}]}}