{"id":39364,"date":"2022-03-29T22:10:37","date_gmt":"2022-03-30T04:10:37","guid":{"rendered":"http:\/\/www.zonaroja.com.mx\/?p=39364"},"modified":"2022-03-29T22:10:39","modified_gmt":"2022-03-30T04:10:39","slug":"baja-ocupacion-hospitalaria-promedio-hasta-8-4-por-pacientes-covid","status":"publish","type":"post","link":"https:\/\/zonaroja.com.mx\/?p=39364","title":{"rendered":"Baja ocupaci\u00f3n hospitalaria promedio hasta 8.4%, por pacientes Covid"},"content":{"rendered":"\n<p>Redacci\u00f3n\/Zona Roja.&nbsp;<\/p>\n\n\n\n<p>Oaxaca de Ju\u00e1rez, Oax., a 29 de marzo de 2022.- Al corte de este 29 de marzo, los Servicios de Salud de Oaxaca (SSO) registraron 41 casos nuevos de Covid-19 y tres decesos m\u00e1s, que suman 119 mil 375 casos acumulados y seis mil 141 defunciones.<\/p>\n\n\n\n<p>Para este martes se han notificado 113 mil 001 personas recuperadas y 233 casos activos localizados en 49 municipios, 84 son personas residentes de Valles Centrales, 62 del Istmo, 53 de Tuxtepec, 23 de la Costa, ocho de la Mixteca y tres de la Sierra.<\/p>\n\n\n\n<p>En relaci\u00f3n con el panorama Jurisdiccional, en Valles Centrales se tiene un acumulado de 72 mil 917 confirmados y dos mil 676 defunciones; Istmo16 mil 671 confirmados y mil 350 defunciones; Tuxtepec ocho mil 914 confirmados y 619 defunciones; Costa ocho mil 287 confirmados y 511 defunciones; Mixteca ocho mil 746 confirmados y 640 defunciones; Sierra tres mil 840 confirmados y 345 defunciones.<\/p>\n\n\n\n<figure class=\"wp-block-embed is-type-rich is-provider-twitter wp-block-embed-twitter\"><div class=\"wp-block-embed__wrapper\">\n<div class=\"twitter-tweet\"><blockquote class=\"twitter-tweet\" data-lang=\"es\"><p lang=\"es\" dir=\"ltr\"><a href=\"https:\/\/twitter.com\/hashtag\/%C3%9AltimoMinuto?src=hash&amp;ref_src=twsrc%5Etfw\">#\u00daltimoMinuto<\/a><br>Este martes, los Servicios de Salud de <a href=\"https:\/\/twitter.com\/hashtag\/Oaxaca?src=hash&amp;ref_src=twsrc%5Etfw\">#Oaxaca<\/a> reportaron 41 casos positivos a Covid, 3 defunciones y 233 casos activos. <br>A la fecha suman 119 mil 375 casos confirmados y 6 mil 141 decesos.<br>Hay 4 nosocomios saturados; ocupaci\u00f3n hospitalaria de 8.4%. <a href=\"https:\/\/t.co\/FCLljl9MvM\">pic.twitter.com\/FCLljl9MvM<\/a><\/p>&mdash; Zona Roja Oaxaca (@ZonaRoja_Oaxaca) <a href=\"https:\/\/twitter.com\/ZonaRoja_Oaxaca\/status\/1508999513775685632?ref_src=twsrc%5Etfw\">30 de marzo de 2022<\/a><\/blockquote><\/div>\n<\/div><\/figure>\n\n\n\n<p>Los 41 casos nuevos afectan a 17 municipios, siendo San Juan Bautista Tuxtepec el de mayor incidencia con 17 positivos, Ciudad Ixtepec y Heroica Ciudad de Huajuapan de Le\u00f3n con tres cada uno, as\u00ed como Oaxaca de Ju\u00e1rez, Salina Cruz, Santa Mar\u00eda Huatulco y Tlacolula de Matamoros con dos confirmados, respectivamente; el resto un paciente.&nbsp;<\/p>\n\n\n\n<p>La disponibilidad hospitalaria global el d\u00eda de hoy es del 91.6%; no hay ingresos nuevos a la red m\u00e9dica, por lo que el total de pacientes internados es de 30, as\u00ed tambi\u00e9n se reportaron cuatro nosocomios al 100% de su capacidad.<\/p>\n\n\n\n<p>La dependencia reiter\u00f3 a la poblaci\u00f3n que la entidad cuenta con cinco centros de valoraci\u00f3n de primer contacto en la zona conurbada como el Hospital General de Zona 1 del IMSS, Hospital Regional Presidente Ju\u00e1rez del ISSSTE, Hospital General \u201cDr. Aurelio Valdivieso\u201d, Centro de Salud Urbano 1 y el Hospital Regional de Alta Especialidad de Oaxaca, y ante cualquier emergencia llamar al 911.<\/p>\n","protected":false},"excerpt":{"rendered":"<p>Redacci\u00f3n\/Zona Roja.&nbsp; Oaxaca de Ju\u00e1rez, Oax., a 29 de marzo de 2022.- Al corte de&hellip;<\/p>\n","protected":false},"author":2,"featured_media":39365,"comment_status":"closed","ping_status":"open","sticky":false,"template":"","format":"standard","meta":{"_lmt_disableupdate":"","_lmt_disable":"","_jetpack_memberships_contains_paid_content":false,"footnotes":""},"categories":[109,47],"tags":[1512],"class_list":["post-39364","post","type-post","status-publish","format-standard","has-post-thumbnail","hentry","category-minuto-a-minuto","category-zona-gris","tag-coronavirus-oaxaca"],"jetpack_featured_media_url":"https:\/\/zonaroja.com.mx\/wp-content\/uploads\/2022\/03\/Covid-Oaxaca-29-de-marzo.jpg","jetpack_sharing_enabled":true,"_links":{"self":[{"href":"https:\/\/zonaroja.com.mx\/index.php?rest_route=\/wp\/v2\/posts\/39364","targetHints":{"allow":["GET"]}}],"collection":[{"href":"https:\/\/zonaroja.com.mx\/index.php?rest_route=\/wp\/v2\/posts"}],"about":[{"href":"https:\/\/zonaroja.com.mx\/index.php?rest_route=\/wp\/v2\/types\/post"}],"author":[{"embeddable":true,"href":"https:\/\/zonaroja.com.mx\/index.php?rest_route=\/wp\/v2\/users\/2"}],"replies":[{"embeddable":true,"href":"https:\/\/zonaroja.com.mx\/index.php?rest_route=%2Fwp%2Fv2%2Fcomments&post=39364"}],"version-history":[{"count":1,"href":"https:\/\/zonaroja.com.mx\/index.php?rest_route=\/wp\/v2\/posts\/39364\/revisions"}],"predecessor-version":[{"id":39366,"href":"https:\/\/zonaroja.com.mx\/index.php?rest_route=\/wp\/v2\/posts\/39364\/revisions\/39366"}],"wp:featuredmedia":[{"embeddable":true,"href":"https:\/\/zonaroja.com.mx\/index.php?rest_route=\/wp\/v2\/media\/39365"}],"wp:attachment":[{"href":"https:\/\/zonaroja.com.mx\/index.php?rest_route=%2Fwp%2Fv2%2Fmedia&parent=39364"}],"wp:term":[{"taxonomy":"category","embeddable":true,"href":"https:\/\/zonaroja.com.mx\/index.php?rest_route=%2Fwp%2Fv2%2Fcategories&post=39364"},{"taxonomy":"post_tag","embeddable":true,"href":"https:\/\/zonaroja.com.mx\/index.php?rest_route=%2Fwp%2Fv2%2Ftags&post=39364"}],"curies":[{"name":"wp","href":"https:\/\/api.w.org\/{rel}","templated":true}]}}