{"id":39367,"date":"2022-03-29T22:30:37","date_gmt":"2022-03-30T04:30:37","guid":{"rendered":"http:\/\/www.zonaroja.com.mx\/?p=39367"},"modified":"2022-03-29T22:30:39","modified_gmt":"2022-03-30T04:30:39","slug":"rescata-fiscalia-a-dos-personas-de-hidalgo-de-secuestro-virtual-en-miahuatlan","status":"publish","type":"post","link":"https:\/\/zonaroja.com.mx\/?p=39367","title":{"rendered":"Rescata Fiscal\u00eda a dos personas de Hidalgo de secuestro virtual, en Miahuatl\u00e1n"},"content":{"rendered":"\n<p>Redacci\u00f3n\/Zona Roja.<\/p>\n\n\n\n<p>Oaxaca de Ju\u00e1rez, Oax., 29 de marzo de 2022.- Resultado del trabajo de inteligencia de la Fiscal\u00eda General del Estado de Oaxaca (FGEO), la instituci\u00f3n logr\u00f3 la localizaci\u00f3n y rescate de dos personas del sexo masculino, originarias del estado de Hidalgo, que fueron v\u00edctimas de una probable secuestro virtual en Miahuatl\u00e1n de Porfirio D\u00edaz.<\/p>\n\n\n\n<p>En un comunicado, inform\u00f3 que luego que la Procuradur\u00eda General de Justicia del Estado de Hidalgo dio aviso a la FGEO, sobre la situaci\u00f3n que atravesaban dos personas originarias de ese estado, quienes se encontraban en dicho municipio de la Sierra Sur por un asunto de negocios, la Instituci\u00f3n de Procuraci\u00f3n de Justicia de Oaxaca intervino de manera inmediata.<\/p>\n\n\n\n<p>A trav\u00e9s de las Unidades Especializadas en Combate al Secuestro (UECS) y un equipo multidisciplinario de inteligencia, desplegaron un operativo con el que, gracias al uso de tecnolog\u00edas, se logr\u00f3 establecer la ubicaci\u00f3n exacta de las v\u00edctimas, as\u00ed como de los extorsionadores quienes exig\u00edan una fuerte suma de dinero para no atentar contra las v\u00edctimas y sus familias.<\/p>\n\n\n\n<p>Detall\u00f3 que haciendo uso de la geolocalizaci\u00f3n, se estableci\u00f3 que las llamadas telef\u00f3nicas con las que probablemente se cometi\u00f3 el delito de Secuestro Virtual, salieron del Penal de Altamira, en el estado de Tamaulipas.<\/p>\n\n\n\n<p>La tarde de este martes 29 de marzo, las dos v\u00edctimas fueron rescatadas de un hotel de Miahuatl\u00e1n, donde quedaron bajo resguardo de la FGEO y m\u00e1s tarde ser\u00edan trasladadas a la capital para continuar con el tr\u00e1mite.<\/p>\n","protected":false},"excerpt":{"rendered":"<p>Redacci\u00f3n\/Zona Roja. Oaxaca de Ju\u00e1rez, Oax., 29 de marzo de 2022.- Resultado del trabajo de&hellip;<\/p>\n","protected":false},"author":2,"featured_media":33768,"comment_status":"closed","ping_status":"open","sticky":false,"template":"","format":"standard","meta":{"_lmt_disableupdate":"","_lmt_disable":"","_jetpack_memberships_contains_paid_content":false,"footnotes":""},"categories":[109,46],"tags":[494],"class_list":["post-39367","post","type-post","status-publish","format-standard","has-post-thumbnail","hentry","category-minuto-a-minuto","category-zona-blanca","tag-fiscalia-general-del-estado-de-oaxaca"],"jetpack_featured_media_url":"https:\/\/zonaroja.com.mx\/wp-content\/uploads\/2021\/10\/Extorsion-secuestro-delito.jpg","jetpack_sharing_enabled":true,"_links":{"self":[{"href":"https:\/\/zonaroja.com.mx\/index.php?rest_route=\/wp\/v2\/posts\/39367","targetHints":{"allow":["GET"]}}],"collection":[{"href":"https:\/\/zonaroja.com.mx\/index.php?rest_route=\/wp\/v2\/posts"}],"about":[{"href":"https:\/\/zonaroja.com.mx\/index.php?rest_route=\/wp\/v2\/types\/post"}],"author":[{"embeddable":true,"href":"https:\/\/zonaroja.com.mx\/index.php?rest_route=\/wp\/v2\/users\/2"}],"replies":[{"embeddable":true,"href":"https:\/\/zonaroja.com.mx\/index.php?rest_route=%2Fwp%2Fv2%2Fcomments&post=39367"}],"version-history":[{"count":1,"href":"https:\/\/zonaroja.com.mx\/index.php?rest_route=\/wp\/v2\/posts\/39367\/revisions"}],"predecessor-version":[{"id":39368,"href":"https:\/\/zonaroja.com.mx\/index.php?rest_route=\/wp\/v2\/posts\/39367\/revisions\/39368"}],"wp:featuredmedia":[{"embeddable":true,"href":"https:\/\/zonaroja.com.mx\/index.php?rest_route=\/wp\/v2\/media\/33768"}],"wp:attachment":[{"href":"https:\/\/zonaroja.com.mx\/index.php?rest_route=%2Fwp%2Fv2%2Fmedia&parent=39367"}],"wp:term":[{"taxonomy":"category","embeddable":true,"href":"https:\/\/zonaroja.com.mx\/index.php?rest_route=%2Fwp%2Fv2%2Fcategories&post=39367"},{"taxonomy":"post_tag","embeddable":true,"href":"https:\/\/zonaroja.com.mx\/index.php?rest_route=%2Fwp%2Fv2%2Ftags&post=39367"}],"curies":[{"name":"wp","href":"https:\/\/api.w.org\/{rel}","templated":true}]}}