{"id":39369,"date":"2022-03-30T06:49:59","date_gmt":"2022-03-30T12:49:59","guid":{"rendered":"http:\/\/www.zonaroja.com.mx\/?p=39369"},"modified":"2022-03-30T07:12:23","modified_gmt":"2022-03-30T13:12:23","slug":"arremete-salomon-jara-contra-maestros-de-oaxaca-en-reunion-con-comerciantes","status":"publish","type":"post","link":"https:\/\/zonaroja.com.mx\/?p=39369","title":{"rendered":"Arremete Salom\u00f3n Jara contra maestros de Oaxaca en reuni\u00f3n con comerciantes"},"content":{"rendered":"\n<p>Redacci\u00f3n\/Zona Roja Cdmx.<\/p>\n\n\n\n<p>Ciudad de M\u00e9xico, 30 de marzo de 2022.- El candidato a la gubernatura por la coalici\u00f3n \u201cJuntos Hacemos Historia\u201d (Morena, PT, PVEM y Unidad Popular), Salom\u00f3n Jara Cruz, arremeti\u00f3 en contra de los maestros de la entidad, a quienes atribuy\u00f3 incurrir en \u201cun crimen\u201d al ofrecer a sus alumnos una \u201cformaci\u00f3n acad\u00e9mica de las m\u00e1s atrasadas\u201d.&nbsp;<\/p>\n\n\n\n<p>El aspirante al Ejecutivo estatal emiti\u00f3 sus dichos durante una reuni\u00f3n que celebr\u00f3 con comerciantes oaxaque\u00f1os radicados en California, Estados Unidos, la cual fue filmada en video.<\/p>\n\n\n\n<p>Durante el evento, realizado el pasado 26 de marzo en el restaurante \u201cEl Chapul\u00edn\u201d, ubicado en Los \u00c1ngeles, California, Jara Cruz solicit\u00f3 a los presentes no difundir sus dichos sobre asuntos pol\u00edticos.&nbsp;<\/p>\n\n\n\n<p>Sin embargo, los presentes registraron las declaraciones en las que asegur\u00f3 haber dialogado con profesores, quienes consideraron que Oaxaca est\u00e1 \u201creprobado en materia educativa\u201d y calificar\u00edan al estado con un 4 en una escala del uno al 10.<\/p>\n\n\n\n<p>Ante integrantes de la Organizaci\u00f3n Migrante Oaxaque\u00f1o, Salom\u00f3n Jara dijo reconocer que los docentes de la entidad tienen derecho a que les resuelvan sus demandas sociales y laborales.\u00a0<\/p>\n\n\n\n<figure class=\"wp-block-embed is-type-rich is-provider-twitter wp-block-embed-twitter\"><div class=\"wp-block-embed__wrapper\">\n<div class=\"twitter-tweet\"><blockquote class=\"twitter-tweet\" data-lang=\"es\"><p lang=\"es\" dir=\"ltr\">\u201cEse un crimen tener a nuestros hijos, a nuestros nietos, a los que vienen atr\u00e1s, con una mala educaci\u00f3n, con una formaci\u00f3n acad\u00e9mica de las m\u00e1s atrasadas, eso no es posible; creo que tenemos qu\u00e9 hacer algo\u201d: dijo <a href=\"https:\/\/twitter.com\/salomonj?ref_src=twsrc%5Etfw\">@salomonj<\/a> en Baja California, en cr\u00edtica a la Secci\u00f3n 22 del SNTE. <a href=\"https:\/\/t.co\/CWbrgmPYbS\">pic.twitter.com\/CWbrgmPYbS<\/a><\/p>&mdash; Zona Roja Oaxaca (@ZonaRoja_Oaxaca) <a href=\"https:\/\/twitter.com\/ZonaRoja_Oaxaca\/status\/1508620434551578635?ref_src=twsrc%5Etfw\">29 de marzo de 2022<\/a><\/blockquote><\/div>\n<\/div><\/figure>\n\n\n\n<p>Agreg\u00f3 que los mentores tambi\u00e9n tienen la responsabilidad de brindar educaci\u00f3n de buena calidad a sus estudiantes.<\/p>\n\n\n\n<p>En este sentido, declar\u00f3 que \u201ces un crimen tener a nuestros hijos, a nuestros nietos, a los que vienen atr\u00e1s, con una mala educaci\u00f3n, con una formaci\u00f3n acad\u00e9mica de las m\u00e1s atrasadas\u201d, situaci\u00f3n que requiere de soluciones.<\/p>\n\n\n\n<p>En tanto, la asamblea estatal de la Secci\u00f3n 22 de la Coordinadora Nacional de Trabajadores de la Educaci\u00f3n acord\u00f3 el pasado fin de semana, en asamblea estatal, que el regreso a clases presenciales ser\u00e1 gradual y consensuado.<\/p>\n\n\n\n<p>La organizaci\u00f3n gremial a\u00f1adi\u00f3 que un alto n\u00famero de maestros ya imparten en el estado clases de manera presencial, por lo que autoriz\u00f3 formalmente que el regreso f\u00edsico a las aulas se concrete, bajo acuerdos con padres de familia y autoridades.<\/p>\n\n\n\n<p>El gobernador Alejandro Murat Hinojosa celebr\u00f3 esta decisi\u00f3n y asegur\u00f3 que la administraci\u00f3n que encabeza dar\u00e1 a los profesores el acompa\u00f1amiento necesario para la vuelta a actividades presenciales. Asimismo, dijo confiar en que el proceso de vacunaci\u00f3n contra el covid-19 siga avanzando y que se apruebe pronto inocular a ni\u00f1os menores de 12 a\u00f1os.<\/p>\n\n\n\n<p>(Informaci\u00f3n de \u00abLa Jornada)<\/p>\n","protected":false},"excerpt":{"rendered":"<p>Redacci\u00f3n\/Zona Roja Cdmx. Ciudad de M\u00e9xico, 30 de marzo de 2022.- El candidato a la&hellip;<\/p>\n","protected":false},"author":2,"featured_media":39370,"comment_status":"closed","ping_status":"open","sticky":false,"template":"","format":"standard","meta":{"_lmt_disableupdate":"","_lmt_disable":"","_jetpack_memberships_contains_paid_content":false,"footnotes":""},"categories":[109,47],"tags":[939],"class_list":["post-39369","post","type-post","status-publish","format-standard","has-post-thumbnail","hentry","category-minuto-a-minuto","category-zona-gris","tag-salomon-jara-cruz"],"jetpack_featured_media_url":"https:\/\/zonaroja.com.mx\/wp-content\/uploads\/2022\/03\/Salomon-Jara-Cruz.jpg","jetpack_sharing_enabled":true,"_links":{"self":[{"href":"https:\/\/zonaroja.com.mx\/index.php?rest_route=\/wp\/v2\/posts\/39369","targetHints":{"allow":["GET"]}}],"collection":[{"href":"https:\/\/zonaroja.com.mx\/index.php?rest_route=\/wp\/v2\/posts"}],"about":[{"href":"https:\/\/zonaroja.com.mx\/index.php?rest_route=\/wp\/v2\/types\/post"}],"author":[{"embeddable":true,"href":"https:\/\/zonaroja.com.mx\/index.php?rest_route=\/wp\/v2\/users\/2"}],"replies":[{"embeddable":true,"href":"https:\/\/zonaroja.com.mx\/index.php?rest_route=%2Fwp%2Fv2%2Fcomments&post=39369"}],"version-history":[{"count":2,"href":"https:\/\/zonaroja.com.mx\/index.php?rest_route=\/wp\/v2\/posts\/39369\/revisions"}],"predecessor-version":[{"id":39372,"href":"https:\/\/zonaroja.com.mx\/index.php?rest_route=\/wp\/v2\/posts\/39369\/revisions\/39372"}],"wp:featuredmedia":[{"embeddable":true,"href":"https:\/\/zonaroja.com.mx\/index.php?rest_route=\/wp\/v2\/media\/39370"}],"wp:attachment":[{"href":"https:\/\/zonaroja.com.mx\/index.php?rest_route=%2Fwp%2Fv2%2Fmedia&parent=39369"}],"wp:term":[{"taxonomy":"category","embeddable":true,"href":"https:\/\/zonaroja.com.mx\/index.php?rest_route=%2Fwp%2Fv2%2Fcategories&post=39369"},{"taxonomy":"post_tag","embeddable":true,"href":"https:\/\/zonaroja.com.mx\/index.php?rest_route=%2Fwp%2Fv2%2Ftags&post=39369"}],"curies":[{"name":"wp","href":"https:\/\/api.w.org\/{rel}","templated":true}]}}