{"id":39378,"date":"2022-03-30T07:56:00","date_gmt":"2022-03-30T13:56:00","guid":{"rendered":"http:\/\/www.zonaroja.com.mx\/?p=39378"},"modified":"2022-03-30T07:56:01","modified_gmt":"2022-03-30T13:56:01","slug":"suman-3793-escuelas-con-clases-presenciales-en-oaxaca","status":"publish","type":"post","link":"https:\/\/zonaroja.com.mx\/?p=39378","title":{"rendered":"Suman 3,793 escuelas con clases presenciales en Oaxaca"},"content":{"rendered":"\n<p>Redacci\u00f3n\/Zona Roja.<\/p>\n\n\n\n<p>Oaxaca de Ju\u00e1rez, Oax. 29 de marzo de 2022. El Instituto Estatal de Educaci\u00f3n P\u00fablica de Oaxaca (IEEPO) inform\u00f3 que el regreso presencial a clases en la entidad continuar\u00e1 de manera gradual y voluntario, considerando las condiciones propias de cada comunidad, ponderando en todo momento el bienestar de la salud y educaci\u00f3n de estudiantes as\u00ed como de las y los trabajadores de la educaci\u00f3n.<\/p>\n\n\n\n<p>Reiter\u00f3 que esta decisi\u00f3n es, ha sido y ser\u00e1 en todo momento resultado de acuerdos con el magisterio, madres, padres de familia, tutores y autoridades municipales.<\/p>\n\n\n\n<p>As\u00ed, derivado del consenso y comunicaci\u00f3n respetuosa con los diferentes&nbsp; actores educativos, el di\u00e1logo no se ha detenido en todo el territorio estatal y se ha mantenido principalmente con el magisterio, autoridades municipales, comit\u00e9s de madres y padres de familia y alumnado para escuchar e intercambiar puntos de vista sobre temas educativos.<\/p>\n\n\n\n<p>Hasta esta fecha se tiene contabilizado que se encuentran en clases presenciales 3 mil 793 escuelas en la entidad y de manera gradual se est\u00e1n incorporando m\u00e1s planteles a este proceso.<\/p>\n\n\n\n<p>La autoridad educativa estatal exhorta a seguir el protocolo para el regreso a clases seguro en las comunidades escolares que vayan a regresar a las actividades presenciales en los siguientes d\u00edas.<\/p>\n\n\n\n<p>\u201cNo debemos olvidar que la pandemia contin\u00faa y si bien se han normalizado las actividades es necesario ser responsables y continuar con el uso correcto del cubrebocas, el lavado constante de manos, uso de gel antibacterial, y la sana distancia, para disminuir los riesgos de contagios\u201d.<\/p>\n\n\n\n<p>As\u00ed mismo, el IEEPO exhorta a priorizar el uso de espacios abiertos y fortalecer la implementaci\u00f3n de los tres filtros sanitarios, en la casa, la entrada de la escuela y el sal\u00f3n, donde la participaci\u00f3n de todas y todos es fundamental.<\/p>\n","protected":false},"excerpt":{"rendered":"<p>Redacci\u00f3n\/Zona Roja. Oaxaca de Ju\u00e1rez, Oax. 29 de marzo de 2022. El Instituto Estatal de&hellip;<\/p>\n","protected":false},"author":2,"featured_media":39379,"comment_status":"closed","ping_status":"open","sticky":false,"template":"","format":"standard","meta":{"_lmt_disableupdate":"","_lmt_disable":"","_jetpack_memberships_contains_paid_content":false,"footnotes":""},"categories":[109,46],"tags":[2837],"class_list":["post-39378","post","type-post","status-publish","format-standard","has-post-thumbnail","hentry","category-minuto-a-minuto","category-zona-blanca","tag-instituto-estatal-de-educacion-publica-de-oaxaca-ieepo"],"jetpack_featured_media_url":"https:\/\/zonaroja.com.mx\/wp-content\/uploads\/2022\/03\/Regreso-a-clases-presenciales-Oaxaca1.jpg","jetpack_sharing_enabled":true,"_links":{"self":[{"href":"https:\/\/zonaroja.com.mx\/index.php?rest_route=\/wp\/v2\/posts\/39378","targetHints":{"allow":["GET"]}}],"collection":[{"href":"https:\/\/zonaroja.com.mx\/index.php?rest_route=\/wp\/v2\/posts"}],"about":[{"href":"https:\/\/zonaroja.com.mx\/index.php?rest_route=\/wp\/v2\/types\/post"}],"author":[{"embeddable":true,"href":"https:\/\/zonaroja.com.mx\/index.php?rest_route=\/wp\/v2\/users\/2"}],"replies":[{"embeddable":true,"href":"https:\/\/zonaroja.com.mx\/index.php?rest_route=%2Fwp%2Fv2%2Fcomments&post=39378"}],"version-history":[{"count":1,"href":"https:\/\/zonaroja.com.mx\/index.php?rest_route=\/wp\/v2\/posts\/39378\/revisions"}],"predecessor-version":[{"id":39380,"href":"https:\/\/zonaroja.com.mx\/index.php?rest_route=\/wp\/v2\/posts\/39378\/revisions\/39380"}],"wp:featuredmedia":[{"embeddable":true,"href":"https:\/\/zonaroja.com.mx\/index.php?rest_route=\/wp\/v2\/media\/39379"}],"wp:attachment":[{"href":"https:\/\/zonaroja.com.mx\/index.php?rest_route=%2Fwp%2Fv2%2Fmedia&parent=39378"}],"wp:term":[{"taxonomy":"category","embeddable":true,"href":"https:\/\/zonaroja.com.mx\/index.php?rest_route=%2Fwp%2Fv2%2Fcategories&post=39378"},{"taxonomy":"post_tag","embeddable":true,"href":"https:\/\/zonaroja.com.mx\/index.php?rest_route=%2Fwp%2Fv2%2Ftags&post=39378"}],"curies":[{"name":"wp","href":"https:\/\/api.w.org\/{rel}","templated":true}]}}