{"id":3938,"date":"2019-09-13T20:08:46","date_gmt":"2019-09-14T01:08:46","guid":{"rendered":"http:\/\/www.zonaroja.com.mx\/?p=3938"},"modified":"2019-09-13T20:21:21","modified_gmt":"2019-09-14T01:21:21","slug":"mas-pifias-de-la-fiscalia-salen-libres-dos-jovenes-acusados-de-homicidio","status":"publish","type":"post","link":"https:\/\/zonaroja.com.mx\/?p=3938","title":{"rendered":"M\u00e1s pifias de la Fiscal\u00eda: salen libres dos j\u00f3venes acusados de homicidio"},"content":{"rendered":"\n<p>Redacci\u00f3n\/Zona\nRoja.<\/p>\n\n\n\n<p>Oaxaca de\nJu\u00e1rez, Oax., 13 de septiembre de 2019.- Dos j\u00f3venes acusados de asesinar a una\npersona en Santiago Matatl\u00e1n, Tlacolula, quedaron absueltos de los cargos, por\nfallas de la Fiscal\u00eda General del Estado de Oaxaca, al presentar pruebas\ncontradictorias e insuficientes.<\/p>\n\n\n\n<p>El asesinato\nde Joaqu\u00edn A. S., de 43 a\u00f1os de edad, ocurri\u00f3 el 4 de septiembre de este a\u00f1o,\nen la calle Constituci\u00f3n de dicho municipio perteneciente a la regi\u00f3n Valles\nCentrales de la entidad.<\/p>\n\n\n\n<p>Tras las indagatorias, personal de la Agencia Estatal de Investigaciones detuvo a Yoset J.M. y Rey M.H.H., como presuntos responsables del homicidio, quienes habr\u00edan agredido y empujado a dicha persona debajo de un puente y cay\u00f3 sobre las piedras.<\/p>\n\n\n\n<figure class=\"wp-block-image\"><img decoding=\"async\" width=\"900\" height=\"500\" src=\"http:\/\/www.zonaroja.com.mx\/wp-content\/uploads\/2019\/09\/PHOTO-2019-09-12-18-51-03.jpg\" alt=\"\" class=\"wp-image-3939\" srcset=\"https:\/\/zonaroja.com.mx\/wp-content\/uploads\/2019\/09\/PHOTO-2019-09-12-18-51-03.jpg 900w, https:\/\/zonaroja.com.mx\/wp-content\/uploads\/2019\/09\/PHOTO-2019-09-12-18-51-03-300x167.jpg 300w, https:\/\/zonaroja.com.mx\/wp-content\/uploads\/2019\/09\/PHOTO-2019-09-12-18-51-03-768x427.jpg 768w, https:\/\/zonaroja.com.mx\/wp-content\/uploads\/2019\/09\/PHOTO-2019-09-12-18-51-03-585x325.jpg 585w\" sizes=\"(max-width: 900px) 100vw, 900px\" \/><\/figure>\n\n\n\n<p>Sin embargo, en audiencia el Ministerio P\u00fablico de la Fiscal\u00eda present\u00f3  como parte del peritaje un\u00a0 cronotadiagn\u00edstico, que se\u00f1ala que Joaqu\u00edn ya estaba muerto cuando un testigo lo vio vivo, es decir, lo consider\u00f3 muerto antes de ser asesinado.<\/p>\n\n\n\n<p>Ni el abogado particular ni el defensor p\u00fablico hab\u00edan reparado en el error que cometi\u00f3 el perito m\u00e9dico al indicar que la persona ten\u00eda varias horas de muerto pero el trabajador de una cantina &#8211;en su calidad de testigo&#8211; asegura que a esa hora a\u00fan estaba vivo.<\/p>\n\n\n\n<figure class=\"wp-block-image\"><img decoding=\"async\" width=\"900\" height=\"500\" src=\"http:\/\/www.zonaroja.com.mx\/wp-content\/uploads\/2019\/09\/PHOTO-2019-09-12-18-51-03-1.jpg\" alt=\"\" class=\"wp-image-3940\" srcset=\"https:\/\/zonaroja.com.mx\/wp-content\/uploads\/2019\/09\/PHOTO-2019-09-12-18-51-03-1.jpg 900w, https:\/\/zonaroja.com.mx\/wp-content\/uploads\/2019\/09\/PHOTO-2019-09-12-18-51-03-1-300x167.jpg 300w, https:\/\/zonaroja.com.mx\/wp-content\/uploads\/2019\/09\/PHOTO-2019-09-12-18-51-03-1-768x427.jpg 768w, https:\/\/zonaroja.com.mx\/wp-content\/uploads\/2019\/09\/PHOTO-2019-09-12-18-51-03-1-585x325.jpg 585w\" sizes=\"(max-width: 900px) 100vw, 900px\" \/><\/figure>\n\n\n\n<p>Al analizar\nlas pruebas presentadas en audiencia de comunicaci\u00f3n de imputaci\u00f3n, el juez de\ncontrol precis\u00f3 que el perito m\u00e9dico dijo que el muerto ten\u00eda varias horas de\nmuerto, pero a esa hora que menciona, el testigo asegura que lo vio en la\ncantina conviviendo con los ahora liberados.<\/p>\n\n\n\n<p>Ante las\npifias de la Fiscal\u00eda General del Estado, que preside Rub\u00e9n Vasconcelos M\u00e9ndez,\nel juez de la causa decret\u00f3 auto de no vinculaci\u00f3n a proceso y dej\u00f3 a los dos\nj\u00f3venes en libertad.<\/p>\n","protected":false},"excerpt":{"rendered":"<p>Redacci\u00f3n\/Zona Roja. Oaxaca de Ju\u00e1rez, Oax., 13 de septiembre de 2019.- Dos j\u00f3venes acusados de&hellip;<\/p>\n","protected":false},"author":2,"featured_media":2018,"comment_status":"closed","ping_status":"open","sticky":false,"template":"","format":"standard","meta":{"_lmt_disableupdate":"","_lmt_disable":"","_jetpack_memberships_contains_paid_content":false,"footnotes":""},"categories":[109,47],"tags":[494,170],"class_list":["post-3938","post","type-post","status-publish","format-standard","has-post-thumbnail","hentry","category-minuto-a-minuto","category-zona-gris","tag-fiscalia-general-del-estado-de-oaxaca","tag-ruben-vasconcelos-mendez"],"jetpack_featured_media_url":"https:\/\/zonaroja.com.mx\/wp-content\/uploads\/2019\/07\/IMG_5415.jpg","jetpack_sharing_enabled":true,"_links":{"self":[{"href":"https:\/\/zonaroja.com.mx\/index.php?rest_route=\/wp\/v2\/posts\/3938","targetHints":{"allow":["GET"]}}],"collection":[{"href":"https:\/\/zonaroja.com.mx\/index.php?rest_route=\/wp\/v2\/posts"}],"about":[{"href":"https:\/\/zonaroja.com.mx\/index.php?rest_route=\/wp\/v2\/types\/post"}],"author":[{"embeddable":true,"href":"https:\/\/zonaroja.com.mx\/index.php?rest_route=\/wp\/v2\/users\/2"}],"replies":[{"embeddable":true,"href":"https:\/\/zonaroja.com.mx\/index.php?rest_route=%2Fwp%2Fv2%2Fcomments&post=3938"}],"version-history":[{"count":2,"href":"https:\/\/zonaroja.com.mx\/index.php?rest_route=\/wp\/v2\/posts\/3938\/revisions"}],"predecessor-version":[{"id":3942,"href":"https:\/\/zonaroja.com.mx\/index.php?rest_route=\/wp\/v2\/posts\/3938\/revisions\/3942"}],"wp:featuredmedia":[{"embeddable":true,"href":"https:\/\/zonaroja.com.mx\/index.php?rest_route=\/wp\/v2\/media\/2018"}],"wp:attachment":[{"href":"https:\/\/zonaroja.com.mx\/index.php?rest_route=%2Fwp%2Fv2%2Fmedia&parent=3938"}],"wp:term":[{"taxonomy":"category","embeddable":true,"href":"https:\/\/zonaroja.com.mx\/index.php?rest_route=%2Fwp%2Fv2%2Fcategories&post=3938"},{"taxonomy":"post_tag","embeddable":true,"href":"https:\/\/zonaroja.com.mx\/index.php?rest_route=%2Fwp%2Fv2%2Ftags&post=3938"}],"curies":[{"name":"wp","href":"https:\/\/api.w.org\/{rel}","templated":true}]}}