{"id":39384,"date":"2022-03-30T08:06:48","date_gmt":"2022-03-30T14:06:48","guid":{"rendered":"http:\/\/www.zonaroja.com.mx\/?p=39384"},"modified":"2022-03-30T08:06:50","modified_gmt":"2022-03-30T14:06:50","slug":"susana-harp-los-claroscuros-de-su-imagen-como-promotora-de-la-proteccion-del-patrimonio","status":"publish","type":"post","link":"https:\/\/zonaroja.com.mx\/?p=39384","title":{"rendered":"Susana Harp: los claroscuros de su imagen como promotora de la protecci\u00f3n del patrimonio"},"content":{"rendered":"\n<p>Adri\u00e1n Ortiz Romero Cuevas<\/p>\n\n\n\n<p>Como&nbsp;Senadora&nbsp;de la Rep\u00fablica,&nbsp;Susana Harp&nbsp;fue promotora&nbsp;de la&nbsp;Ley Federal De Protecci\u00f3n Del Patrimonio Cultural De Los Pueblos y Comunidades Ind\u00edgenas&nbsp;y&nbsp;Afromexicanas.&nbsp;<\/p>\n\n\n\n<p>Esa&nbsp;ser\u00eda&nbsp;una buena noticia,&nbsp;de no ser porque&nbsp;ella fue aliada de quienes, desde el Consejo Regulador del Mezcal,&nbsp;intentaron&nbsp;despojar&nbsp;a los pueblos ind\u00edgenas de&nbsp;Oaxaca,&nbsp;y del pa\u00eds, de la posibilidad de seguir llamando mezcal\u2026&nbsp;a su mezcal.&nbsp;<\/p>\n\n\n\n<p>En&nbsp;efecto, se dice que la se\u00f1alada ley de protecci\u00f3n cultural de los pueblos ind\u00edgenas,&nbsp;tiene como objetivo el reconocimiento y protecci\u00f3n al derecho colectivo de propiedad del que son titulares los pueblos&nbsp;ind\u00edgenas&nbsp;sobre su patrimonio cultural, conocimientos y expresiones culturales tradicionales.&nbsp;<\/p>\n\n\n\n<p>Con&nbsp;esa ley,&nbsp;en t\u00e9rminos generales,&nbsp;se&nbsp;pretende que los pueblos originarios no sean despojados de sus&nbsp;textiles, gastronom\u00eda, telares, bordados y dem\u00e1s.&nbsp;Pero,&nbsp;\u00bfesa misma preocupaci\u00f3n tuvo la senadora Harp en el caso del mezcal?&nbsp;La&nbsp;verdad es que no.<\/p>\n\n\n\n<p>Entre 2020 y&nbsp;2021&nbsp;Susana Harp apadrin\u00f3&nbsp;el intento de perpetuaci\u00f3n de&nbsp;Hip\u00f3crates Nolasco Cancino al frente del Consejo Regulador del Mezcal.&nbsp;Es&nbsp;cierto, que Nolasco hizo crecer la industria, pero a costa del crecimiento de pr\u00e1cticas indebidas en la producci\u00f3n masiva de mezcal;&nbsp;del llamado&nbsp;\u201chuachicoleo\u201d&nbsp;del producto; y del&nbsp;despojo de la propiedad originaria de los pueblos ind\u00edgenas oaxaque\u00f1os&nbsp;respecto a su bebida.<\/p>\n\n\n\n<p>Adem\u00e1s,&nbsp;fue acusado de&nbsp;promover&nbsp;indiscriminadamente&nbsp;los tr\u00e1mites&nbsp;de ampliaci\u00f3n de la Denominaci\u00f3n de&nbsp;Origen&nbsp;Mezcal.&nbsp;La&nbsp;que ya de por s\u00ed es&nbsp;m\u00e1s&nbsp;grande&nbsp;del mundo, obviamente en detrimento del&nbsp;producto.&nbsp;<\/p>\n\n\n\n<p>Incluso,&nbsp;ellos pretendieron&nbsp;endurecer los requerimientos para&nbsp;que un destilado de agave pudiera llevar el nombre de mezcal, para que s\u00f3lo los grandes productores pudieran cumplir con la norma, y los peque\u00f1os productores&nbsp;(los&nbsp;ind\u00edgenas de Oaxaca y del pa\u00eds),&nbsp;no&nbsp;pudieran conseguirlo.<\/p>\n\n\n\n<p>\u00bfLa raz\u00f3n?&nbsp;Los&nbsp;lazos familiares: Susana Harp es pareja de un hermano de Jaime Mu\u00f1oz,&nbsp;due\u00f1os de&nbsp;la Destiler\u00eda Los&nbsp;Danzantes.&nbsp;Mu\u00f1oz&nbsp;fue&nbsp;el eterno&nbsp;tesorero&nbsp;durante las tres gestiones consecutivas de Hip\u00f3crates Nolasco al frente del Consejo Regulador&nbsp;del Mezcal.&nbsp;<\/p>\n\n\n\n<p>Intereses, complicidades&nbsp;y secretos,&nbsp;evidentemente, hab\u00eda muchos entre ellos.&nbsp;La&nbsp;mayor\u00eda,&nbsp;en contra de los pueblos ind\u00edgenas&nbsp;oaxaque\u00f1os y del pa\u00eds,&nbsp;productores originarios de&nbsp;mezcal.&nbsp;<\/p>\n\n\n\n<p>Y&nbsp;apenas en 2021,&nbsp;la&nbsp;senadora&nbsp;Harp&nbsp;respald\u00f3 p\u00fablicamente el intento de Nolasco de perpetuarse al frente del&nbsp;CRM, a trav\u00e9s de terceros afines a su grupo.&nbsp;<\/p>\n\n\n\n<p>En&nbsp;aquel momento, Susana Harp ya era&nbsp;Senadora de la Rep\u00fablica&nbsp;y&nbsp;por ende debi\u00f3 estar enterada que, adem\u00e1s, Hip\u00f3crates Nolasco y su cu\u00f1ado Jaime Mu\u00f1oz, entre otros, pretendieron excluir a los&nbsp;verdaderos magueyeros y&nbsp;mezcaleros&nbsp;\u2014en&nbsp;su gran mayor\u00eda&nbsp;provenientes de pueblos ind\u00edgenas\u2014&nbsp;de&nbsp;la&nbsp;Asamblea&nbsp;General de Socios del CRM.&nbsp;<\/p>\n\n\n\n<p>Los&nbsp;pretendieron suplantar por&nbsp;la&nbsp;figura&nbsp;\u2014a todas luces ilegal\u2014&nbsp;de&nbsp;\u201cdelegados\u201d,&nbsp;los cuales&nbsp;no fueron electos por nadie en ninguna asamblea.&nbsp;Esos&nbsp;delegados pretend\u00edan representar a miles de&nbsp;verdaderos&nbsp;productores&nbsp;de&nbsp;Oaxaca&nbsp;y del pa\u00eds.<\/p>\n\n\n\n<p>Nolasco&nbsp;y Mu\u00f1oz defendieron su&nbsp;intento hasta que fueron finalmente atajados, primero por una nutrida asamblea de socios, y luego&nbsp;por el&nbsp;Presidente Andr\u00e9s Manuel L\u00f3pez Obrador, quien intervino personalmente para que se respetara la voluntad de los verdaderos mezcaleros, que&nbsp;estaban hartos&nbsp;de las tropel\u00edas y los intentos de despojo&nbsp;que reiteradamente cometi\u00f3 en su contra el grupo que pretendi\u00f3 eternizarse en&nbsp;el Consejo Regulador, y que&nbsp;finalmente&nbsp;se fue&nbsp;en medio de se\u00f1alamientos e irregularidades, y&nbsp;sin entregar cuentas de los recursos captados por la&nbsp;certificaci\u00f3n del producto&nbsp;durante m\u00e1s de 10 a\u00f1os.<\/p>\n\n\n\n<p>Con esos antecedentes,&nbsp;\u00bfc\u00f3mo puede ahora&nbsp;Susana Harp&nbsp;presentarse como&nbsp;promotora de la protecci\u00f3n&nbsp;del patrimonio cultural de los pueblos ind\u00edgenas&nbsp;mexicanos,&nbsp;si&nbsp;con&nbsp;el mezcal, que es&nbsp;uno de&nbsp;los productos m\u00e1s apreciados de ese patrimonio&nbsp;colectivo,&nbsp;del que no deber\u00edan ser&nbsp;privadas&nbsp;las comunidades originarias,&nbsp;ella fue voluntaria o involuntariamente c\u00f3mplice de&nbsp;ese&nbsp;intento&nbsp;abierto y p\u00fablico de despojo?<\/p>\n\n\n\n<p>El&nbsp;problema&nbsp;aqu\u00ed, y como siempre, es de intereses y de incongruencias.&nbsp;Y&nbsp;a\u00fan as\u00ed&nbsp;\u2014escondiendo la basura&nbsp;bajo el tapete,&nbsp;de su&nbsp;desafortunada&nbsp;participaci\u00f3n en la&nbsp;pol\u00edtica&nbsp;y los intereses&nbsp;del mezcal\u2014,&nbsp;con&nbsp;la&nbsp;bandera de la promoci\u00f3n y la protecci\u00f3n del patrimonio cultural de los pueblos ind\u00edgenas,&nbsp;bas\u00f3 sus&nbsp;poco claras&nbsp;aspiraciones pol\u00edticas&nbsp;de&nbsp;ser candidata a gobernadora de Oaxaca.<\/p>\n\n\n\n<p>Sobre&nbsp;eso&nbsp;la senadora&nbsp;Harp le&nbsp;debe una explicaci\u00f3n a los pueblos&nbsp;originarios&nbsp;oaxaque\u00f1os, m\u00e1s all\u00e1 de sus l\u00edos y desencuentros con el grupo contrario al interior de Morena, con quien se disputa la candidatura a&nbsp;la gubernatura, en una clara medici\u00f3n de fuerzas basada&nbsp;en intereses pol\u00edticos,&nbsp;pero no en&nbsp;una&nbsp;preocupaci\u00f3n&nbsp;genuina&nbsp;por la&nbsp;preservaci\u00f3n de la&nbsp;riqueza&nbsp;cultural de los pueblos ind\u00edgenas.<\/p>\n\n\n\n<p>EPITAFIO&nbsp;<\/p>\n\n\n\n<p>Aunque sigan instalados en la soberbia, la dirigencia y c\u00fapula de Morena en Oaxaca deben reconocer que la elecci\u00f3n&nbsp;extraordinaria&nbsp;en&nbsp;Santa Cruz&nbsp;Xoxocotl\u00e1n, el pasado domingo, les deja varias lecciones: deben dejar de&nbsp;privilegiar&nbsp;los cacicazgos, el nepotismo&nbsp;y la&nbsp;torpe&nbsp;visi\u00f3n&nbsp;de que pueden&nbsp;mantener las&nbsp;castas&nbsp;nobiliarias que engendraron&nbsp;y&nbsp;heredaron de&nbsp;grupos como&nbsp;el PRD o la COCEI.&nbsp;<\/p>\n\n\n\n<p>Con&nbsp;todo y el poder de su marca partidista, la gente los rechaz\u00f3.&nbsp;As\u00ed&nbsp;que en un acto de honestidad deber\u00edan bajar de su&nbsp;ladrillo&nbsp;y reconocer&nbsp;el mensaje que les mand\u00f3 el pueblo bueno a trav\u00e9s de las urnas.<\/p>\n\n\n\n<p>http:\/\/columnaalmargen.mx<\/p>\n\n\n\n<p>@columnaalmargen<\/p>\n\n\n\n<p>@ortizromeroc<\/p>\n","protected":false},"excerpt":{"rendered":"<p>Adri\u00e1n Ortiz Romero Cuevas Como&nbsp;Senadora&nbsp;de la Rep\u00fablica,&nbsp;Susana Harp&nbsp;fue promotora&nbsp;de la&nbsp;Ley Federal De Protecci\u00f3n Del Patrimonio&hellip;<\/p>\n","protected":false},"author":2,"featured_media":36612,"comment_status":"closed","ping_status":"open","sticky":false,"template":"","format":"standard","meta":{"_lmt_disableupdate":"","_lmt_disable":"","_jetpack_memberships_contains_paid_content":false,"footnotes":""},"categories":[456,109],"tags":[2994],"class_list":["post-39384","post","type-post","status-publish","format-standard","has-post-thumbnail","hentry","category-columna","category-minuto-a-minuto","tag-adrian-ortiz-romero-cuevas"],"jetpack_featured_media_url":"https:\/\/zonaroja.com.mx\/wp-content\/uploads\/2022\/01\/Adrian-Ortiz-Romero.jpg","jetpack_sharing_enabled":true,"_links":{"self":[{"href":"https:\/\/zonaroja.com.mx\/index.php?rest_route=\/wp\/v2\/posts\/39384","targetHints":{"allow":["GET"]}}],"collection":[{"href":"https:\/\/zonaroja.com.mx\/index.php?rest_route=\/wp\/v2\/posts"}],"about":[{"href":"https:\/\/zonaroja.com.mx\/index.php?rest_route=\/wp\/v2\/types\/post"}],"author":[{"embeddable":true,"href":"https:\/\/zonaroja.com.mx\/index.php?rest_route=\/wp\/v2\/users\/2"}],"replies":[{"embeddable":true,"href":"https:\/\/zonaroja.com.mx\/index.php?rest_route=%2Fwp%2Fv2%2Fcomments&post=39384"}],"version-history":[{"count":1,"href":"https:\/\/zonaroja.com.mx\/index.php?rest_route=\/wp\/v2\/posts\/39384\/revisions"}],"predecessor-version":[{"id":39385,"href":"https:\/\/zonaroja.com.mx\/index.php?rest_route=\/wp\/v2\/posts\/39384\/revisions\/39385"}],"wp:featuredmedia":[{"embeddable":true,"href":"https:\/\/zonaroja.com.mx\/index.php?rest_route=\/wp\/v2\/media\/36612"}],"wp:attachment":[{"href":"https:\/\/zonaroja.com.mx\/index.php?rest_route=%2Fwp%2Fv2%2Fmedia&parent=39384"}],"wp:term":[{"taxonomy":"category","embeddable":true,"href":"https:\/\/zonaroja.com.mx\/index.php?rest_route=%2Fwp%2Fv2%2Fcategories&post=39384"},{"taxonomy":"post_tag","embeddable":true,"href":"https:\/\/zonaroja.com.mx\/index.php?rest_route=%2Fwp%2Fv2%2Ftags&post=39384"}],"curies":[{"name":"wp","href":"https:\/\/api.w.org\/{rel}","templated":true}]}}