{"id":39391,"date":"2022-03-30T18:26:10","date_gmt":"2022-03-31T00:26:10","guid":{"rendered":"http:\/\/www.zonaroja.com.mx\/?p=39391"},"modified":"2022-03-30T18:26:12","modified_gmt":"2022-03-31T00:26:12","slug":"en-visperas-de-campanas-a-gubernatura-surge-otro-proyecto-que-favoreceria-a-harp","status":"publish","type":"post","link":"https:\/\/zonaroja.com.mx\/?p=39391","title":{"rendered":"En v\u00edsperas de campa\u00f1as a gubernatura, surge otro proyecto que favorecer\u00eda a Harp"},"content":{"rendered":"\n<p>Redacci\u00f3n\/Zona Roja.<\/p>\n\n\n\n<p>Oaxaca de Ju\u00e1rez, Oax., 30 de marzo de 2022.- A tres d\u00edas de que inicien las campa\u00f1as pol\u00edticas por la gubernatura de Oaxaca, en el Tribunal Electoral del Poder Judicial de la Federaci\u00f3n surgi\u00f3 otro proyecto de sentencia, que favorecer\u00eda a la senadora Susana Harp Iturribarr\u00eda.<\/p>\n\n\n\n<p>Fue el magistrado Jos\u00e9 Luis Vargas quien dio a conocer un proyecto en el que propone anular la precandidatura del senador Salom\u00f3n Jara Cruz y ordena a Morena postular a una mujer, que podr\u00eda ser Susana Harp Iturribarr\u00eda u otra aspirante.<\/p>\n\n\n\n<p>De no hacerlo, no se les permitir\u00e1 participar en la contienda con un hombre, advierte la sentencia del magistrado.<\/p>\n\n\n\n<p>Frente a los argumentos de Harp Iturribarria sobre el incumplimiento de Morena en la alternancia de g\u00e9nero, el magistrado plantea que el Tribunal Electoral de Oaxaca s\u00ed \u201cinobserv\u00f3 las obligaciones convencionales y constitucionales aplicables para garantizar la paridad sustantiva ante la falta de regulaci\u00f3n\u201d.<\/p>\n\n\n\n<p>Recientemente, el magistrado Felipe de la Mata Piza\u00f1a dio a conocer su proyecto en que propone confirmar la candidatura \u00fanica de Salom\u00f3n Jara Cruz, para la gubernatura de Oaxaca por Morena, al considerar que los argumentos de Susana Harp Iturribarr\u00eda son inoperantes e insuficientes para demostrar presuntas violaciones en el proceso de selecci\u00f3n.<\/p>\n\n\n\n<p>Esta tarde ser\u00e1 la sesi\u00f3n del pleno del Tribunal Electoral del Poder Judicial de la Federaci\u00f3n, luego que hab\u00eda sido programado inicialmente a las 12:00 horas de este mi\u00e9rcoles.<\/p>\n\n\n\n<p>(Con informaci\u00f3n de la agencia Proceso)<\/p>\n","protected":false},"excerpt":{"rendered":"<p>Redacci\u00f3n\/Zona Roja. Oaxaca de Ju\u00e1rez, Oax., 30 de marzo de 2022.- A tres d\u00edas de&hellip;<\/p>\n","protected":false},"author":2,"featured_media":39392,"comment_status":"closed","ping_status":"open","sticky":false,"template":"","format":"standard","meta":{"_lmt_disableupdate":"","_lmt_disable":"","_jetpack_memberships_contains_paid_content":false,"footnotes":""},"categories":[109,47],"tags":[1685],"class_list":["post-39391","post","type-post","status-publish","format-standard","has-post-thumbnail","hentry","category-minuto-a-minuto","category-zona-gris","tag-susana-harp-iturribarria"],"jetpack_featured_media_url":"https:\/\/zonaroja.com.mx\/wp-content\/uploads\/2022\/03\/Susana-Harp-y-Salomon-Jara.jpeg","jetpack_sharing_enabled":true,"_links":{"self":[{"href":"https:\/\/zonaroja.com.mx\/index.php?rest_route=\/wp\/v2\/posts\/39391","targetHints":{"allow":["GET"]}}],"collection":[{"href":"https:\/\/zonaroja.com.mx\/index.php?rest_route=\/wp\/v2\/posts"}],"about":[{"href":"https:\/\/zonaroja.com.mx\/index.php?rest_route=\/wp\/v2\/types\/post"}],"author":[{"embeddable":true,"href":"https:\/\/zonaroja.com.mx\/index.php?rest_route=\/wp\/v2\/users\/2"}],"replies":[{"embeddable":true,"href":"https:\/\/zonaroja.com.mx\/index.php?rest_route=%2Fwp%2Fv2%2Fcomments&post=39391"}],"version-history":[{"count":1,"href":"https:\/\/zonaroja.com.mx\/index.php?rest_route=\/wp\/v2\/posts\/39391\/revisions"}],"predecessor-version":[{"id":39393,"href":"https:\/\/zonaroja.com.mx\/index.php?rest_route=\/wp\/v2\/posts\/39391\/revisions\/39393"}],"wp:featuredmedia":[{"embeddable":true,"href":"https:\/\/zonaroja.com.mx\/index.php?rest_route=\/wp\/v2\/media\/39392"}],"wp:attachment":[{"href":"https:\/\/zonaroja.com.mx\/index.php?rest_route=%2Fwp%2Fv2%2Fmedia&parent=39391"}],"wp:term":[{"taxonomy":"category","embeddable":true,"href":"https:\/\/zonaroja.com.mx\/index.php?rest_route=%2Fwp%2Fv2%2Fcategories&post=39391"},{"taxonomy":"post_tag","embeddable":true,"href":"https:\/\/zonaroja.com.mx\/index.php?rest_route=%2Fwp%2Fv2%2Ftags&post=39391"}],"curies":[{"name":"wp","href":"https:\/\/api.w.org\/{rel}","templated":true}]}}