{"id":39397,"date":"2022-03-30T21:00:31","date_gmt":"2022-03-31T03:00:31","guid":{"rendered":"http:\/\/www.zonaroja.com.mx\/?p=39397"},"modified":"2022-03-30T21:00:33","modified_gmt":"2022-03-31T03:00:33","slug":"indolente-segego-en-conflicto-mixe-van-mas-de-tres-semanas-de-bloqueo","status":"publish","type":"post","link":"https:\/\/zonaroja.com.mx\/?p=39397","title":{"rendered":"Indolente Segego en conflicto Mixe; van m\u00e1s de tres semanas de bloqueo"},"content":{"rendered":"\n<p>Yuridiana Sosa\/Zona Roja.<\/p>\n\n\n\n<p>Oaxaca de Ju\u00e1rez, Oax., 30 de marzo de 2022.- Un conflicto agrario en San Juan Cotzoc\u00f3n Mixe mantiene desde hace m\u00e1s de tres semanas un bloqueo en la carretera Tuxtepec-Palomares, en inmediaciones de Mar\u00eda Lombardo.<\/p>\n\n\n\n<p>En el conflicto entre las agencias de Jaltepec de Candayoc y Mar\u00eda Lombardo no se distingue la acci\u00f3n de la Secretar\u00eda General de Gobierno para llegar a un acuerdo que permita el libre tr\u00e1nsito por la vialidad.<\/p>\n\n\n\n<p>Desde el pasado 7 de marzo, habitantes de Mar\u00eda Lombardo instalaron un bloqueo para exigir al Gobierno del Estado intervenci\u00f3n ante un presunto despojo de tierras por sus vecinos, quienes tambi\u00e9n reclaman la pertenencia de estos terrenos, que son donde se ubica el cementerio y el basurero municipal.<\/p>\n\n\n\n<p>El a\u00f1ejo problema se reactiv\u00f3 luego que a inicios del mes de marzo, habitantes de Mar\u00eda Lombardo pretendieron realizar un sepelio, el cual fue impedido por sus vecinos de Jaltepec.<\/p>\n\n\n\n<p>Desde el pasado 10 de marzo se inform\u00f3 que la Secretar\u00eda General de Gobierno (Segego) recibir\u00eda a las comunidades en una mesa de di\u00e1logo, a la que s\u00f3lo llegaron representantes de Mar\u00eda Lombardo; desde ese entonces la dependencia no ha logrado mayores conciliaciones.<\/p>\n\n\n\n<p>CONFLICTO EN ISTMO<\/p>\n\n\n\n<p>Por otra parte, las inconformidades alrededor de la obra del Corredor Interoce\u00e1nico volvieron a ser motivo de manifestaci\u00f3n y un bloqueo por parte de habitantes de la agencia de Santa Gertrudis Miramar, de Santo Domingo Tehuantepec.<\/p>\n\n\n\n<p>Esta ma\u00f1ana se report\u00f3 la obstrucci\u00f3n de la carretera en el tramo Salina Cruz- Huatulco, lo que ocasion\u00f3 graves afectaciones a automovilistas, turistas y transportistas.<\/p>\n\n\n\n<p>El conflicto deriva de la extracci\u00f3n de material p\u00e9treo para la obra del rompeolas de Salinas del Marqu\u00e9s, pues las autoridades no han respetado acuerdos sobre el precio de la venta de este material que siguen extrayendo de su comunidad.<\/p>\n\n\n\n<p>Fue la noche de este martes que el problema se agudiz\u00f3 ante la quema de una maquinaria que extra\u00eda el granito por parte de un integrante del grupo de inconformes, quien fue detenido por la polic\u00eda municipal e intentado ser liberado por sus familiares, sin que&nbsp;lograrlo.<\/p>\n\n\n\n<p>Por otra parte, un grupo de ambientalistas, encabezados por Nasario Garc\u00eda, protest\u00f3 en exterior de las oficinas de la Secretar\u00eda del Medio Ambiente y Recursos Naturales (Semarnat) en la capital de Oaxaca, para exigir que se frenen los da\u00f1os a las \u00e1reas naturales por donde atravesar\u00e1 el Tren Maya, en el sur-sureste de la Rep\u00fablica Mexicana.<\/p>\n\n\n\n<p>Mientras que en Ciudad Universitaria, el grupo del Sindicato de Trabajadores y Empleados de la UABJO que dirige Julio Mora P\u00e9rez, anunci\u00f3 en conferencia de prensa que, debido al receso de actividades en la Junta Local de Conciliaci\u00f3n y Arbitraje, aplazan su estallamiento de huelga hasta la segunda semana de abril.<\/p>\n","protected":false},"excerpt":{"rendered":"<p>Yuridiana Sosa\/Zona Roja. Oaxaca de Ju\u00e1rez, Oax., 30 de marzo de 2022.- Un conflicto agrario&hellip;<\/p>\n","protected":false},"author":2,"featured_media":39398,"comment_status":"closed","ping_status":"open","sticky":false,"template":"","format":"standard","meta":{"_lmt_disableupdate":"","_lmt_disable":"","_jetpack_memberships_contains_paid_content":false,"footnotes":""},"categories":[109,47],"tags":[1135],"class_list":["post-39397","post","type-post","status-publish","format-standard","has-post-thumbnail","hentry","category-minuto-a-minuto","category-zona-gris","tag-san-juan-cotzocon-mixe"],"jetpack_featured_media_url":"https:\/\/zonaroja.com.mx\/wp-content\/uploads\/2022\/03\/San-Juan-Cotzocon-Mixe-1.jpg","jetpack_sharing_enabled":true,"_links":{"self":[{"href":"https:\/\/zonaroja.com.mx\/index.php?rest_route=\/wp\/v2\/posts\/39397","targetHints":{"allow":["GET"]}}],"collection":[{"href":"https:\/\/zonaroja.com.mx\/index.php?rest_route=\/wp\/v2\/posts"}],"about":[{"href":"https:\/\/zonaroja.com.mx\/index.php?rest_route=\/wp\/v2\/types\/post"}],"author":[{"embeddable":true,"href":"https:\/\/zonaroja.com.mx\/index.php?rest_route=\/wp\/v2\/users\/2"}],"replies":[{"embeddable":true,"href":"https:\/\/zonaroja.com.mx\/index.php?rest_route=%2Fwp%2Fv2%2Fcomments&post=39397"}],"version-history":[{"count":1,"href":"https:\/\/zonaroja.com.mx\/index.php?rest_route=\/wp\/v2\/posts\/39397\/revisions"}],"predecessor-version":[{"id":39399,"href":"https:\/\/zonaroja.com.mx\/index.php?rest_route=\/wp\/v2\/posts\/39397\/revisions\/39399"}],"wp:featuredmedia":[{"embeddable":true,"href":"https:\/\/zonaroja.com.mx\/index.php?rest_route=\/wp\/v2\/media\/39398"}],"wp:attachment":[{"href":"https:\/\/zonaroja.com.mx\/index.php?rest_route=%2Fwp%2Fv2%2Fmedia&parent=39397"}],"wp:term":[{"taxonomy":"category","embeddable":true,"href":"https:\/\/zonaroja.com.mx\/index.php?rest_route=%2Fwp%2Fv2%2Fcategories&post=39397"},{"taxonomy":"post_tag","embeddable":true,"href":"https:\/\/zonaroja.com.mx\/index.php?rest_route=%2Fwp%2Fv2%2Ftags&post=39397"}],"curies":[{"name":"wp","href":"https:\/\/api.w.org\/{rel}","templated":true}]}}