{"id":39406,"date":"2022-03-31T08:41:00","date_gmt":"2022-03-31T14:41:00","guid":{"rendered":"http:\/\/www.zonaroja.com.mx\/?p=39406"},"modified":"2022-03-31T06:42:37","modified_gmt":"2022-03-31T12:42:37","slug":"cofepris-autorizo-en-secreto-vacuna-para-ninos-tras-litigio-de-abogada-oaxaquena","status":"publish","type":"post","link":"https:\/\/zonaroja.com.mx\/?p=39406","title":{"rendered":"Cofepris autoriz\u00f3 en secreto vacuna para ni\u00f1os, tras litigio de abogada oaxaque\u00f1a"},"content":{"rendered":"\n<p>Redacci\u00f3n\/Zona Roja.<\/p>\n\n\n\n<p>Oaxaca de Ju\u00e1rez, Oax., 31 de marzo de 2022.- Cofepris autoriza en secreto la vacuna Pfizer para uso de emergencia para ni\u00f1os de 5 a\u00f1os en adelante; pese a ello, la Secretar\u00eda de Salud (SSa) contin\u00faa su negativa a vacunar a ese rango de edad.<\/p>\n\n\n\n<p>La Comisi\u00f3n Federal para la Protecci\u00f3n contra Riesgos Sanitarios (Cofepris) otorg\u00f3 la autorizaci\u00f3n de uso de emergencia para ni\u00f1os de 5 a\u00f1os en adelante desde el d\u00eda 3 de marzo; sin embargo, esto no se dio a conocer p\u00fablicamente, seg\u00fan informaci\u00f3n del diario \u201cExc\u00e9lsior\u00bb.<\/p>\n\n\n\n<p>Fue hasta que la Cofepris inform\u00f3 a Jes\u00fas Gallegos, juez Segundo de Distrito del estado de Oaxaca, en un oficio relacionado con el juicio de amparo 1380\/2021, que \u201ccon fecha 3 de marzo de 2022 autoriz\u00f3 el uso de emergencia de la vacuna Pfizer-BioNTech contra&nbsp; covid-19 para la aplicaci\u00f3n en el grupo de personas de 5 a\u00f1os en adelante y que la misma debe ser aplicada con dos dosis de 10 microgramos cada una, con un intervalo de 21 d\u00edas\u201d, mediante oficio n\u00famero 04505.<\/p>\n\n\n\n<p>Cofepris contin\u00faa sin emitir alg\u00fan oficio o memor\u00e1ndum en el que se informe a la poblaci\u00f3n sobre esta autorizaci\u00f3n del uso de emergencia de la vacuna Pfizer, detalla la informaci\u00f3n de \u201cExc\u00e9lsior\u201d.<\/p>\n\n\n\n<p>\u201cCofepris s\u00ed autoriz\u00f3 el uso de emergencia de la vacuna contra covid-19 para ni\u00f1os de 5 a\u00f1os en adelante, pues la misma Comisi\u00f3n se lo notific\u00f3 al juez y es imposible responder legalmente con una mentira. Este informe de la Comisi\u00f3n surgi\u00f3 por el amparo que tramit\u00e9 para mi hijo Jorge de 10 a\u00f1os, desde el pasado 2 de diciembre\u201d, explic\u00f3 Alma Franco, abogada y madre de Jorge.<\/p>\n\n\n\n<p>Van 3 veces que a Jorge lo citan las autoridades de Salud, pero sin suministrar la vacuna, argumentando, que por instrucciones del Insabi no se puede, porque se desconoce cu\u00e1l es la dosis a aplicar,&nbsp; cuando la Cofepris respondi\u00f3 en el oficio n\u00famero 04505 que \u201cla vacuna Pfizer debe ser aplicada en ni\u00f1os de cinco a\u00f1os en adelante con dos dosis de 10 microgramos cada una, con un intervalo de 21 d\u00edas\u201d.<\/p>\n\n\n\n<p>La nota de \u201cExc\u00e9lsior\u201d a\u00f1ade que a finales de octubre, cuando la FDA (Administraci\u00f3n de Alimentos y Medicamentos) en Estados Unidos autoriz\u00f3 el uso de emergencia de la vacuna Pfizer &amp; BioNTech, document\u00f3 que eran 10 microgramos para ni\u00f1os de 5 a 11 a\u00f1os de edad, (dos dosis con un intervalo de 3 semanas entre ellas).<\/p>\n\n\n\n<p>SIGUE NEGATIVA<\/p>\n\n\n\n<p>A pesar de que la Cofepris notific\u00f3 legalmente que desde el 3 de marzo ya autoriz\u00f3&nbsp; el uso de emergencia de la vacuna para este grupo de edad, la SSa contin\u00faa con la negativa de acatar las \u00f3rdenes de los jueces para vacunar a ni\u00f1os y ni\u00f1as de 5 y 11 a\u00f1os, asegurando que a\u00fan sigue \u201csin aprobarse por el gobierno federal\u201d, como le ocurri\u00f3 apenas el pasado martes a Liliana Miranda, quien a pesar de llevar su amparo, a sus hijos Jos\u00e9 Emilio, de 9 a\u00f1os, y Mar\u00eda, de 8, les negaron su aplicaci\u00f3n.<\/p>\n\n\n\n<p>\u201cLas autoridades de Salud nos respondieron que, como no estaba autorizada por parte de Cofepris, pues no los pod\u00edan vacunar\u201d, coment\u00f3 Liliana al diario \u201cExc\u00e9lsior\u201d.<\/p>\n\n\n\n<p>En el Hospital Materno Infantil de Irapuato, donde citaron a Jos\u00e9 Emilio el 28 de marzo, para una valoraci\u00f3n m\u00e9dica y ver si era candidato para la vacuna, la doctora Rosa Elena Avi\u00f1a Gallega, con c\u00e9dula profesional 4628193, simplemente, llen\u00f3 el formato en el que expidi\u00f3: \u201cpaciente no apto para la aplicaci\u00f3n de vacunaci\u00f3n por grupo de edad\u201d.<\/p>\n\n\n\n<p>\u201cExc\u00e9lsior\u201d ha documentado diversos casos de ni\u00f1os y ni\u00f1as de 5 a 11 a\u00f1os, que, a pesar de tener la orden de vacunarlos por parte del juez, las autoridades sanitarias se niegan.<\/p>\n\n\n\n<p>Entre los argumentos que la SSa contin\u00faa interponiendo en los recursos de queja a los jueces para no vacunar a ni\u00f1os y ni\u00f1as de entre 5 y 11 a\u00f1os, cuando supuestamente ya est\u00e1 autorizado el uso de emergencia, son: la imposibilidad para aplicar la dosis debido a la falta de autorizaci\u00f3n respecto de cualquier vacuna para menores de 12 a\u00f1os y que carece de los conocimientos cient\u00edficos para determinar la cantidad de dosis que debe suministrarse al menor de edad.<\/p>\n\n\n\n<p>\u201cSe desconoce si la farmac\u00e9utica ha indicado qu\u00e9 cantidad del biol\u00f3gico debe suministrarse al menor\u2026 Se pondr\u00e1 en riesgo la salud,&nbsp; y posiblemente la vida de los menores de edad, pues se desconoce cu\u00e1ntos microgramos del biol\u00f3gico con exactitud deben ser suministrados al menor\u201d, se lee por parte de la defensa de la Ssa en el recurso de queja, entregado el 10 de marzo a Luis Fernando Rodr\u00edguez, socio del despacho ABC Fiscal, que representa a su hijo de 7 a\u00f1os.<\/p>\n\n\n\n<p>\u201cA este punto, tanto Cofepris, como la Secretar\u00eda de Salud en general, tienen mucho que aclarar. Si realmente desde principios de marzo se concedi\u00f3 la autorizaci\u00f3n para uso de emergencia en ni\u00f1os de 5 en adelante, \u00bfpor qu\u00e9 no se dio a conocer? Ahora bien, que exista la autorizaci\u00f3n no implica que vaya a haber una recomendaci\u00f3n por parte del sector Salud, quienes, tan han demostrado su poco inter\u00e9s en vacunar a los ni\u00f1os, que no hay un contrato renovado con Pfizer para adquirir el biol\u00f3gico\u201d, concluy\u00f3 Xavier Tello, cirujano y analista de pol\u00edticas p\u00fablicas, seg\u00fan expone la informaci\u00f3n de \u201cExc\u00e9lsior\u00bb<\/p>\n","protected":false},"excerpt":{"rendered":"<p>Redacci\u00f3n\/Zona Roja. Oaxaca de Ju\u00e1rez, Oax., 31 de marzo de 2022.- Cofepris autoriza en secreto&hellip;<\/p>\n","protected":false},"author":2,"featured_media":35627,"comment_status":"closed","ping_status":"open","sticky":false,"template":"","format":"standard","meta":{"_lmt_disableupdate":"","_lmt_disable":"","_jetpack_memberships_contains_paid_content":false,"footnotes":""},"categories":[109,47],"tags":[2986],"class_list":["post-39406","post","type-post","status-publish","format-standard","has-post-thumbnail","hentry","category-minuto-a-minuto","category-zona-gris","tag-alma-franco-vargas"],"jetpack_featured_media_url":"https:\/\/zonaroja.com.mx\/wp-content\/uploads\/2021\/12\/Vacunacion-menores-alma-Franco.jpg","jetpack_sharing_enabled":true,"_links":{"self":[{"href":"https:\/\/zonaroja.com.mx\/index.php?rest_route=\/wp\/v2\/posts\/39406","targetHints":{"allow":["GET"]}}],"collection":[{"href":"https:\/\/zonaroja.com.mx\/index.php?rest_route=\/wp\/v2\/posts"}],"about":[{"href":"https:\/\/zonaroja.com.mx\/index.php?rest_route=\/wp\/v2\/types\/post"}],"author":[{"embeddable":true,"href":"https:\/\/zonaroja.com.mx\/index.php?rest_route=\/wp\/v2\/users\/2"}],"replies":[{"embeddable":true,"href":"https:\/\/zonaroja.com.mx\/index.php?rest_route=%2Fwp%2Fv2%2Fcomments&post=39406"}],"version-history":[{"count":1,"href":"https:\/\/zonaroja.com.mx\/index.php?rest_route=\/wp\/v2\/posts\/39406\/revisions"}],"predecessor-version":[{"id":39407,"href":"https:\/\/zonaroja.com.mx\/index.php?rest_route=\/wp\/v2\/posts\/39406\/revisions\/39407"}],"wp:featuredmedia":[{"embeddable":true,"href":"https:\/\/zonaroja.com.mx\/index.php?rest_route=\/wp\/v2\/media\/35627"}],"wp:attachment":[{"href":"https:\/\/zonaroja.com.mx\/index.php?rest_route=%2Fwp%2Fv2%2Fmedia&parent=39406"}],"wp:term":[{"taxonomy":"category","embeddable":true,"href":"https:\/\/zonaroja.com.mx\/index.php?rest_route=%2Fwp%2Fv2%2Fcategories&post=39406"},{"taxonomy":"post_tag","embeddable":true,"href":"https:\/\/zonaroja.com.mx\/index.php?rest_route=%2Fwp%2Fv2%2Ftags&post=39406"}],"curies":[{"name":"wp","href":"https:\/\/api.w.org\/{rel}","templated":true}]}}